{"id":127301,"date":"2025-04-16T11:11:28","date_gmt":"2025-04-16T14:11:28","guid":{"rendered":"https:\/\/www.actualidadadiario.com\/?p=127301"},"modified":"2025-04-16T11:11:28","modified_gmt":"2025-04-16T14:11:28","slug":"volvio-a-caer-el-consumo-masivo-marzo-registro-un-descenso-del-54-en-la-compra-de-productos-esenciales","status":"publish","type":"post","link":"https:\/\/www.actualidadadiario.com\/index.php\/2025\/04\/16\/volvio-a-caer-el-consumo-masivo-marzo-registro-un-descenso-del-54-en-la-compra-de-productos-esenciales\/","title":{"rendered":"Volvi\u00f3 a caer el consumo masivo: marzo registr\u00f3 un descenso del 5,4% en la compra de productos esenciales"},"content":{"rendered":"<p style=\"text-align: center;\"><em><strong>Los datos volvieron a registrar una ca\u00edda aunque de manera desacelerada. Fue el tercer peor registro de los \u00faltimos 22 a\u00f1os, luego de 2002 y 2003<\/strong><\/em><\/p>\n<p>&nbsp;<\/p>\n<p>&nbsp;<\/p>\n<p>El consumo masivo sigue en ca\u00edda en el inicio del a\u00f1o: en marzo, la compra en supermercados y autoservicios se contrajo 5,4% interanual. De esta manera acumula un descenso de 8,6% de contracci\u00f3n en el primer trimestre de 2025.<\/p>\n<p>Aunque los datos marcan un descenso, el dato acompa\u00f1a las expectativas del sector y la ca\u00edda volvi\u00f3 a desacelerarse con respecto del arranque de 2025, que registr\u00f3 una retracci\u00f3n del 9,8% en febrero y un 10,6% en enero, seg\u00fan un informe de Scentia. De esta manera, se registr\u00f3 una de la tercer peor marca en los \u00faltimos 22 a\u00f1os, tras 2002 y 2003.<\/p>\n<p>&nbsp;<\/p>\n<p><strong>Una vez m\u00e1s, el consumo masivo volvi\u00f3 a caer<\/strong><\/p>\n<p>La inflaci\u00f3n en marzo registr\u00f3 una importante suba con respecto al comienzo del a\u00f1o: el INDEC marc\u00f3 un aumento del 3,7% del IPC general. En este escenario, los alimentos fueron uno de los principales \u00e1reas que traccionaron la subida, marcando un aumento del 5,9%.<\/p>\n<p>En este contexto, marzo volvi\u00f3 a marcar una ca\u00edda en el consumo masivo y signific\u00f3 el 15\u00b0 mes de ca\u00edda consecutiva, con una baja generalizada en la compra de productos esenciales.<\/p>\n<p>La comparaci\u00f3n es contra una base en rojo tambi\u00e9n. En marzo de 2024 la medici\u00f3n marco un descenso del 4% contra el mismo mes de 2023, luego de la devaluaci\u00f3n inicial que realiz\u00f3 el gobierno de Javier Milei que se traslad\u00f3 a fuertes aumentos en los precios. En este escenario, el director de Scentia, Osvaldo del R\u00edo, remarc\u00f3 que \u201cestos canales representan cerca de 70% del consumo masivo\u201d y resalt\u00f3 un dato clave: \u201cnos comparamos contra un marzo en el que cayeron las Pascuas, mientras que este a\u00f1o ser\u00e1n en abril\u201d.<\/p>\n<p>En detalle, el informe de Scentia marca que los comercios de barrio, almacenes y chinos tuvieron una menor ca\u00edda que las grandes cadenas, a diferencia de lo ocurrido en meses pasados. Luego del 12,6% interanual de descenso en febrero, las ventas les bajaron un 3,7% en marzo contra el mismo mes de 2024.<\/p>\n<p>Hubo \u00fanicamente dos categor\u00edas que se salvaron de la ca\u00edda registrada en marzo: alimentaci\u00f3n \u2013rubro que incluye a m\u00e1s de 50 \u00edtems entre alimentos b\u00e1sicos, de almac\u00e9n, condimentos y l\u00e1cteos\u2013 y perecederos. Seg\u00fan el informe, dichos sectores vendieron 0,5% y 1,2% m\u00e1s, respectivamente, que en marzo de 2024.<\/p>\n<p>Entre las canastas m\u00e1s afectadas se encuentra la de bebidas, un s\u00edntoma que se viene repitiendo desde diciembre de 2024. En detalle, durante marzo, las alcoh\u00f3licas bajaron un 18% y las sin alcohol, un 16%.<\/p>\n<p>Detr\u00e1s de las bebidas, apareci\u00f3 la categor\u00eda de consumos vinculados a ocasiones \u201cimpulsivas\u201d \u2212alfajores, chocolates, golosinas, postres y cigarrillos\u2212 con una baja del 15,6%. En una econom\u00eda que todav\u00eda busca recuperarse, este recorte est\u00e1 asociado a aquellos \u201cgustitos\u201d que los consumidores restringieron.<\/p>\n<p>Por \u00faltimo &#8211; aunque en menor proporci\u00f3n &#8211; tambi\u00e9n cayeron art\u00edculos de higiene y cosm\u00e9tica un 3,3%; de limpieza de ropa y hogar (2%) y alimentos agrupados en el segmento de desayuno y merienda (1,5%).<\/p>\n<p>En este contexto &#8211; y con una suba de la inflaci\u00f3n de marzo &#8211; supermercados y empresas prev\u00e9n una lenta recuperaci\u00f3n y las expectativas de una recuperaci\u00f3n se dilatan al segundo trimestre, donde los empresarios del sector se ilusionan con terminar el a\u00f1o con un aumento del 3% en las unidades vendidas.<\/p>\n<p>&nbsp;<\/p>\n<p><strong>La inflaci\u00f3n de marzo fue del 3,7%, seg\u00fan el INDEC<\/strong><\/p>\n<p>Muy por encima del nivel proyectado por las consultoras, la inflaci\u00f3n de marzo trep\u00f3 hasta el 3,7% en marzo. As\u00ed, no solo avanz\u00f3 por segundo mes consecutivo, sino que tambi\u00e9n super\u00f3 la barrera del 3%. Este incremento estuvo impulsado por educaci\u00f3n y alimentos, que saltaron 21,6% y casi 6%, respectivamente, seg\u00fan inform\u00f3 esta tarde el Instituto de Estad\u00edstica y Censos (INDEC).<\/p>\n<p>De esta manera, el \u00cdndice de Precios al Consumidor (IPC) acumul\u00f3 en el a\u00f1o una variaci\u00f3n de 8,6%, mientras que en la comparaci\u00f3n interanual, el incremento fue de 55,9%.<\/p>\n<p>Entre los segmentos m\u00e1s afectados se encuentra el de educaci\u00f3n &#8211; que se dispar\u00f3 hasta 21,6% &#8211; y Alimentos (5,9%) que traccionaron una fuerte aceleraci\u00f3n del IPC. En este \u00faltimo grupo, la suba se debi\u00f3 a los fuertes aumentos en verduras, tub\u00e9rculos y legumbres y carnes y derivados.<\/p>\n<p>Con este dato, el IPC no solo no retom\u00f3 el proceso de desinflaci\u00f3n, que ya se hab\u00eda cortado en febrero cuando se elev\u00f3 al 2,4% desde el 2,2% previo, sino que es el nivel m\u00e1s alto desde agosto del 2024 cuando el \u00edndice fue del 4,2%. De hecho este dato tambi\u00e9n est\u00e1 muy por encima del esperado ya que las consultoras privadas calculaban entre un 2,8% o 2,9% y el REM del BCRA, un 2,6%.<\/p>\n","protected":false},"excerpt":{"rendered":"<p>Los datos volvieron a registrar una ca\u00edda aunque de manera desacelerada. Fue el tercer peor registro de los \u00faltimos 22 a\u00f1os, luego de 2002 y 2003 &nbsp; &nbsp; El consumo masivo sigue en ca\u00edda en el inicio del a\u00f1o: en marzo, la compra en supermercados y autoservicios se contrajo 5,4% interanual. De esta manera acumula un descenso de 8,6% de contracci\u00f3n en el primer trimestre de 2025. Aunque los datos marcan un descenso, el dato acompa\u00f1a las expectativas del sector y la ca\u00edda volvi\u00f3 a desacelerarse con respecto del arranque&#8230;<\/p>\n","protected":false},"author":3,"featured_media":115023,"comment_status":"closed","ping_status":"closed","sticky":false,"template":"","format":"standard","meta":[],"categories":[2],"tags":[],"_links":{"self":[{"href":"https:\/\/www.actualidadadiario.com\/index.php\/wp-json\/wp\/v2\/posts\/127301"}],"collection":[{"href":"https:\/\/www.actualidadadiario.com\/index.php\/wp-json\/wp\/v2\/posts"}],"about":[{"href":"https:\/\/www.actualidadadiario.com\/index.php\/wp-json\/wp\/v2\/types\/post"}],"author":[{"embeddable":true,"href":"https:\/\/www.actualidadadiario.com\/index.php\/wp-json\/wp\/v2\/users\/3"}],"replies":[{"embeddable":true,"href":"https:\/\/www.actualidadadiario.com\/index.php\/wp-json\/wp\/v2\/comments?post=127301"}],"version-history":[{"count":1,"href":"https:\/\/www.actualidadadiario.com\/index.php\/wp-json\/wp\/v2\/posts\/127301\/revisions"}],"predecessor-version":[{"id":127302,"href":"https:\/\/www.actualidadadiario.com\/index.php\/wp-json\/wp\/v2\/posts\/127301\/revisions\/127302"}],"wp:featuredmedia":[{"embeddable":true,"href":"https:\/\/www.actualidadadiario.com\/index.php\/wp-json\/wp\/v2\/media\/115023"}],"wp:attachment":[{"href":"https:\/\/www.actualidadadiario.com\/index.php\/wp-json\/wp\/v2\/media?parent=127301"}],"wp:term":[{"taxonomy":"category","embeddable":true,"href":"https:\/\/www.actualidadadiario.com\/index.php\/wp-json\/wp\/v2\/categories?post=127301"},{"taxonomy":"post_tag","embeddable":true,"href":"https:\/\/www.actualidadadiario.com\/index.php\/wp-json\/wp\/v2\/tags?post=127301"}],"curies":[{"name":"wp","href":"https:\/\/api.w.org\/{rel}","templated":true}]}}