{"id":127299,"date":"2025-04-16T11:10:42","date_gmt":"2025-04-16T14:10:42","guid":{"rendered":"https:\/\/www.actualidadadiario.com\/?p=127299"},"modified":"2025-04-16T11:10:42","modified_gmt":"2025-04-16T14:10:42","slug":"aerolineas-argentinas-transportara-casi-210-000-pasajeros-durante-el-fin-de-semana-largo-de-semana-santa","status":"publish","type":"post","link":"https:\/\/www.actualidadadiario.com\/index.php\/2025\/04\/16\/aerolineas-argentinas-transportara-casi-210-000-pasajeros-durante-el-fin-de-semana-largo-de-semana-santa\/","title":{"rendered":"Aerol\u00edneas Argentinas transportar\u00e1 casi 210.000 pasajeros durante el fin de semana largo de Semana Santa"},"content":{"rendered":"<p style=\"text-align: center;\"><em><strong>Ser\u00e1 hacia distintos destinos de Europa, Estados Unidos y el Caribe<\/strong><\/em><\/p>\n<p>&nbsp;<\/p>\n<p>&nbsp;<\/p>\n<p>Aerol\u00edneas Argentinas transportar\u00e1 cerca de 210.000 pasajeros durante el pr\u00f3ximo fin de semana largo de Semana Santa, seg\u00fan inform\u00f3 la compa\u00f1\u00eda en un comunicado.<\/p>\n<p>Del total de pasajeros, m\u00e1s de 160.000 volar\u00e1n en la red de cabotaje, mientras que 28.000 lo har\u00e1n en vuelos regionales. El resto corresponde a operaciones internacionales de largo alcance hacia destinos de Europa, Estados Unidos y el Caribe.<\/p>\n<p>Entre los destinos m\u00e1s elegidos se destacan Iguaz\u00fa, Bariloche, Mendoza, El Calafate, C\u00f3rdoba, Salta, Ushuaia, R\u00edo de Janeiro, Neuqu\u00e9n y Tucum\u00e1n, dichos destinos concentran casi el 50% del total de pasajeros transportados.<\/p>\n<p>La ocupaci\u00f3n promedio de los vuelos programados para este per\u00edodo alcanza el 80%, y el d\u00eda de mayor movimiento ser\u00e1 el jueves 17, con m\u00e1s de 38.000 pasajeros transportados en una sola jornada.<\/p>\n<p>\u201cAerol\u00edneas Argentinas contin\u00faa consolidando su crecimiento en el tr\u00e1fico de temporada alta, reafirmando su compromiso con la conectividad y con la sustentabilidad econ\u00f3mica de la compa\u00f1\u00eda\u201d, indicaron desde la empresa estatal en un comunicado.<\/p>\n","protected":false},"excerpt":{"rendered":"<p>Ser\u00e1 hacia distintos destinos de Europa, Estados Unidos y el Caribe &nbsp; &nbsp; Aerol\u00edneas Argentinas transportar\u00e1 cerca de 210.000 pasajeros durante el pr\u00f3ximo fin de semana largo de Semana Santa, seg\u00fan inform\u00f3 la compa\u00f1\u00eda en un comunicado. Del total de pasajeros, m\u00e1s de 160.000 volar\u00e1n en la red de cabotaje, mientras que 28.000 lo har\u00e1n en vuelos regionales. El resto corresponde a operaciones internacionales de largo alcance hacia destinos de Europa, Estados Unidos y el Caribe. Entre los destinos m\u00e1s elegidos se destacan Iguaz\u00fa, Bariloche, Mendoza, El Calafate, C\u00f3rdoba, Salta,&#8230;<\/p>\n","protected":false},"author":3,"featured_media":70474,"comment_status":"closed","ping_status":"closed","sticky":false,"template":"","format":"standard","meta":[],"categories":[2],"tags":[],"_links":{"self":[{"href":"https:\/\/www.actualidadadiario.com\/index.php\/wp-json\/wp\/v2\/posts\/127299"}],"collection":[{"href":"https:\/\/www.actualidadadiario.com\/index.php\/wp-json\/wp\/v2\/posts"}],"about":[{"href":"https:\/\/www.actualidadadiario.com\/index.php\/wp-json\/wp\/v2\/types\/post"}],"author":[{"embeddable":true,"href":"https:\/\/www.actualidadadiario.com\/index.php\/wp-json\/wp\/v2\/users\/3"}],"replies":[{"embeddable":true,"href":"https:\/\/www.actualidadadiario.com\/index.php\/wp-json\/wp\/v2\/comments?post=127299"}],"version-history":[{"count":1,"href":"https:\/\/www.actualidadadiario.com\/index.php\/wp-json\/wp\/v2\/posts\/127299\/revisions"}],"predecessor-version":[{"id":127300,"href":"https:\/\/www.actualidadadiario.com\/index.php\/wp-json\/wp\/v2\/posts\/127299\/revisions\/127300"}],"wp:featuredmedia":[{"embeddable":true,"href":"https:\/\/www.actualidadadiario.com\/index.php\/wp-json\/wp\/v2\/media\/70474"}],"wp:attachment":[{"href":"https:\/\/www.actualidadadiario.com\/index.php\/wp-json\/wp\/v2\/media?parent=127299"}],"wp:term":[{"taxonomy":"category","embeddable":true,"href":"https:\/\/www.actualidadadiario.com\/index.php\/wp-json\/wp\/v2\/categories?post=127299"},{"taxonomy":"post_tag","embeddable":true,"href":"https:\/\/www.actualidadadiario.com\/index.php\/wp-json\/wp\/v2\/tags?post=127299"}],"curies":[{"name":"wp","href":"https:\/\/api.w.org\/{rel}","templated":true}]}}