{"id":127297,"date":"2025-04-17T11:09:50","date_gmt":"2025-04-17T14:09:50","guid":{"rendered":"https:\/\/www.actualidadadiario.com\/?p=127297"},"modified":"2025-04-17T13:25:01","modified_gmt":"2025-04-17T16:25:01","slug":"docentes-universitarios-van-al-paro-el-proximo-miercoles","status":"publish","type":"post","link":"https:\/\/www.actualidadadiario.com\/index.php\/2025\/04\/17\/docentes-universitarios-van-al-paro-el-proximo-miercoles\/","title":{"rendered":"Docentes universitarios van al paro el pr\u00f3ximo mi\u00e9rcoles"},"content":{"rendered":"<p style=\"text-align: center;\"><em><strong>Lo resolvi\u00f3 el Plenario de secretarios generales de la Federaci\u00f3n Nacional de Docentes Universitarios (Conadu), que en Entre R\u00edos tiene representaci\u00f3n en la Asociaci\u00f3n Gremial de Docentes Universitarios (AGDU)<\/strong><\/em><\/p>\n<p>&nbsp;<\/p>\n<p>&nbsp;<\/p>\n<p>El Plenario se reuni\u00f3 este martes y defini\u00f3 nuevas medidas de acci\u00f3n \u201cante la falta de convocatoria a paritarias en un contexto inflacionario que se ubica muy por encima de las promesas del gobierno\u201d, se inform\u00f3 desde AGDU. El plan de lucha incluye una jornada de protesta de 48 horas, con clases p\u00fablicas el martes 22 de abril y un paro sin asistencia el mi\u00e9rcoles 23.<\/p>\n<p>Adem\u00e1s, se propondr\u00e1 al Frente Sindical de las Universidades la organizaci\u00f3n de una Marcha Federal Universitaria, a desarrollarse durante la segunda quincena de mayo.<\/p>\n<p>La situaci\u00f3n salarial de las y los docentes universitarios fue definida como \u201cinsostenible\u201d por el secretario general de Conadu, Carlos De Feo, quien advirti\u00f3 que \u201cespecialmente a las universidades peque\u00f1as y medianas del pa\u00eds, les espera un panorama todav\u00eda m\u00e1s oscuro para el segundo semestre. No hay plata para llegar a fin de a\u00f1o con cierta normalidad en el desarrollo de las tareas acad\u00e9micas y de investigaci\u00f3n\u201d. Por esa raz\u00f3n, remarc\u00f3: \u201cTenemos que poder sostener la lucha con fuerza pero tambi\u00e9n con creatividad y con la capacidad de sumar actores\u201d.<\/p>\n<p>&nbsp;<\/p>\n<p><strong>El plan de lucha definido por Conadu es el siguiente:<\/strong><\/p>\n<p>-Martes 22\/4: clases p\u00fablicas en el marco de una jornada de protesta y visibilizaci\u00f3n del conflicto<\/p>\n<p>-Mi\u00e9rcoles 23\/4: paro sin asistencia a los lugares de trabajo, a un a\u00f1o de la primera Gran Marcha Federal Universitaria<\/p>\n<p>-Adhesi\u00f3n al acto del 30\/4 en conmemoraci\u00f3n al 1\u00b0 de Mayo, convocado por las centrales sindicales<\/p>\n<p>-Proponer al Frente Sindical de las Universidades la organizaci\u00f3n de una Marcha Federal Universitaria en la segunda quincena de mayo<\/p>\n","protected":false},"excerpt":{"rendered":"<p>Lo resolvi\u00f3 el Plenario de secretarios generales de la Federaci\u00f3n Nacional de Docentes Universitarios (Conadu), que en Entre R\u00edos tiene representaci\u00f3n en la Asociaci\u00f3n Gremial de Docentes Universitarios (AGDU) &nbsp; &nbsp; El Plenario se reuni\u00f3 este martes y defini\u00f3 nuevas medidas de acci\u00f3n \u201cante la falta de convocatoria a paritarias en un contexto inflacionario que se ubica muy por encima de las promesas del gobierno\u201d, se inform\u00f3 desde AGDU. El plan de lucha incluye una jornada de protesta de 48 horas, con clases p\u00fablicas el martes 22 de abril y&#8230;<\/p>\n","protected":false},"author":3,"featured_media":125635,"comment_status":"closed","ping_status":"closed","sticky":false,"template":"","format":"standard","meta":[],"categories":[2],"tags":[],"_links":{"self":[{"href":"https:\/\/www.actualidadadiario.com\/index.php\/wp-json\/wp\/v2\/posts\/127297"}],"collection":[{"href":"https:\/\/www.actualidadadiario.com\/index.php\/wp-json\/wp\/v2\/posts"}],"about":[{"href":"https:\/\/www.actualidadadiario.com\/index.php\/wp-json\/wp\/v2\/types\/post"}],"author":[{"embeddable":true,"href":"https:\/\/www.actualidadadiario.com\/index.php\/wp-json\/wp\/v2\/users\/3"}],"replies":[{"embeddable":true,"href":"https:\/\/www.actualidadadiario.com\/index.php\/wp-json\/wp\/v2\/comments?post=127297"}],"version-history":[{"count":1,"href":"https:\/\/www.actualidadadiario.com\/index.php\/wp-json\/wp\/v2\/posts\/127297\/revisions"}],"predecessor-version":[{"id":127298,"href":"https:\/\/www.actualidadadiario.com\/index.php\/wp-json\/wp\/v2\/posts\/127297\/revisions\/127298"}],"wp:featuredmedia":[{"embeddable":true,"href":"https:\/\/www.actualidadadiario.com\/index.php\/wp-json\/wp\/v2\/media\/125635"}],"wp:attachment":[{"href":"https:\/\/www.actualidadadiario.com\/index.php\/wp-json\/wp\/v2\/media?parent=127297"}],"wp:term":[{"taxonomy":"category","embeddable":true,"href":"https:\/\/www.actualidadadiario.com\/index.php\/wp-json\/wp\/v2\/categories?post=127297"},{"taxonomy":"post_tag","embeddable":true,"href":"https:\/\/www.actualidadadiario.com\/index.php\/wp-json\/wp\/v2\/tags?post=127297"}],"curies":[{"name":"wp","href":"https:\/\/api.w.org\/{rel}","templated":true}]}}