{"id":127283,"date":"2025-04-16T09:49:25","date_gmt":"2025-04-16T12:49:25","guid":{"rendered":"https:\/\/www.actualidadadiario.com\/?p=127283"},"modified":"2025-04-16T10:32:14","modified_gmt":"2025-04-16T13:32:14","slug":"salud-trabaja-en-la-prevencion-de-suicidio-con-eje-en-lo-comunitario","status":"publish","type":"post","link":"https:\/\/www.actualidadadiario.com\/index.php\/2025\/04\/16\/salud-trabaja-en-la-prevencion-de-suicidio-con-eje-en-lo-comunitario\/","title":{"rendered":"Salud trabaja en la prevenci\u00f3n de suicidio con eje en lo comunitario"},"content":{"rendered":"<p style=\"text-align: center;\"><em><strong>El Ministerio de Salud de Entre R\u00edos, a trav\u00e9s del programa provincial de Prevenci\u00f3n del Suicidio, llev\u00f3 adelante dos instancias de conversatorios en las localidades de Cerrito y Viale. La propuesta busca brindar herramientas concretas para la prevenci\u00f3n del suicidio y la promoci\u00f3n de la salud mental con los actores de cada comunidad<\/strong><\/em><\/p>\n<p>&nbsp;<\/p>\n<p>&nbsp;<\/p>\n<p>En el marco de este programa, dependiente de la Direcci\u00f3n General de Salud Mental, se vienen generando distintas acciones en toda la provincia con el objetivo de desarrollar estrategias de prevenci\u00f3n del riesgo suicida y del cuidado de la salud mental, haciendo foco en la poblaci\u00f3n adolescente y joven.<\/p>\n<p>Adem\u00e1s, se trabaja en situaci\u00f3n de posvenci\u00f3n, es decir, en generar acciones y estrategias posteriores a que se concrete un suicidio o un intento de suicidio grave a fin de abordar y cuidar al entorno cercano que queda en un estado de vulnerabilidad.<\/p>\n<p>En l\u00ednea con las acciones desarrolladas en las localidades de Paran\u00e1 Campa\u00f1a, la coordinadora del programa, Delfina No\u00e9, sostuvo: &#8220;El suicidio no es un problema exclusivamente sanitario, sino que necesita de todos los actores que confrontan esa realidad. Su abordaje se realiza en el marco del principio de corresponsabilidad. Esto implica tomar una posici\u00f3n activa para abordar la problem\u00e1tica generando articulaciones entre distintos actores, y estableciendo acuerdos y criterios comunes&#8221;.<\/p>\n<p>En el caso de Cerrito, la jornada &#8220;Prevenci\u00f3n del suicidio: herramientas para la comunidad&#8221; convoc\u00f3 a representantes de las fuerzas de seguridad, organizaciones sociales y comunitarias, profesionales de la salud y del \u00e1mbito educativo. Se organiz\u00f3 junto al \u00c1rea de Derechos Humanos y Violencia de G\u00e9nero del municipio local y cont\u00f3 con la presencia del intendente, Ulises Tomassi, quien agradeci\u00f3 la instancia y qued\u00f3 a disposici\u00f3n para continuar realizando acciones conjuntas.<\/p>\n<p>A su vez, en Viale, el conversatorio &#8220;Prevenci\u00f3n del Suicidio: herramientas para instituciones educativas&#8221; se realiz\u00f3 en el marco de una estrategia de posvenci\u00f3n y estuvo dirigido a referentes de las comunidades educativas de las escuelas secundarias de la ciudad y zonas aleda\u00f1as. En esta oportunidad se articul\u00f3 con la Direcci\u00f3n Departamental de Escuelas Paran\u00e1 y el Programa de Abordaje de Situaciones Complejas (Pasec), dependientes del Consejo General de Educaci\u00f3n (CGE), y la Municipalidad de Viale. Al igual que en Cerrito, la actividad fue acompa\u00f1ada el presidente municipal Carlos Weiss. Tambi\u00e9n estuvieron presentes la Directora Departamental de Escuelas Paran\u00e1, Silvia Faure; la referente departamental de Pasec, Marisa Iturbide; y la secretaria de Desarrollo Social y Humano, Bibiana Rojas.<\/p>\n","protected":false},"excerpt":{"rendered":"<p>El Ministerio de Salud de Entre R\u00edos, a trav\u00e9s del programa provincial de Prevenci\u00f3n del Suicidio, llev\u00f3 adelante dos instancias de conversatorios en las localidades de Cerrito y Viale. La propuesta busca brindar herramientas concretas para la prevenci\u00f3n del suicidio y la promoci\u00f3n de la salud mental con los actores de cada comunidad &nbsp; &nbsp; En el marco de este programa, dependiente de la Direcci\u00f3n General de Salud Mental, se vienen generando distintas acciones en toda la provincia con el objetivo de desarrollar estrategias de prevenci\u00f3n del riesgo suicida y&#8230;<\/p>\n","protected":false},"author":3,"featured_media":127284,"comment_status":"closed","ping_status":"closed","sticky":false,"template":"","format":"standard","meta":[],"categories":[15],"tags":[],"_links":{"self":[{"href":"https:\/\/www.actualidadadiario.com\/index.php\/wp-json\/wp\/v2\/posts\/127283"}],"collection":[{"href":"https:\/\/www.actualidadadiario.com\/index.php\/wp-json\/wp\/v2\/posts"}],"about":[{"href":"https:\/\/www.actualidadadiario.com\/index.php\/wp-json\/wp\/v2\/types\/post"}],"author":[{"embeddable":true,"href":"https:\/\/www.actualidadadiario.com\/index.php\/wp-json\/wp\/v2\/users\/3"}],"replies":[{"embeddable":true,"href":"https:\/\/www.actualidadadiario.com\/index.php\/wp-json\/wp\/v2\/comments?post=127283"}],"version-history":[{"count":1,"href":"https:\/\/www.actualidadadiario.com\/index.php\/wp-json\/wp\/v2\/posts\/127283\/revisions"}],"predecessor-version":[{"id":127285,"href":"https:\/\/www.actualidadadiario.com\/index.php\/wp-json\/wp\/v2\/posts\/127283\/revisions\/127285"}],"wp:featuredmedia":[{"embeddable":true,"href":"https:\/\/www.actualidadadiario.com\/index.php\/wp-json\/wp\/v2\/media\/127284"}],"wp:attachment":[{"href":"https:\/\/www.actualidadadiario.com\/index.php\/wp-json\/wp\/v2\/media?parent=127283"}],"wp:term":[{"taxonomy":"category","embeddable":true,"href":"https:\/\/www.actualidadadiario.com\/index.php\/wp-json\/wp\/v2\/categories?post=127283"},{"taxonomy":"post_tag","embeddable":true,"href":"https:\/\/www.actualidadadiario.com\/index.php\/wp-json\/wp\/v2\/tags?post=127283"}],"curies":[{"name":"wp","href":"https:\/\/api.w.org\/{rel}","templated":true}]}}