{"id":127272,"date":"2025-04-16T09:54:22","date_gmt":"2025-04-16T12:54:22","guid":{"rendered":"https:\/\/www.actualidadadiario.com\/?p=127272"},"modified":"2025-04-16T09:54:22","modified_gmt":"2025-04-16T12:54:22","slug":"concordia-no-cobrara-estacionamiento-medido-en-semana-santa","status":"publish","type":"post","link":"https:\/\/www.actualidadadiario.com\/index.php\/2025\/04\/16\/concordia-no-cobrara-estacionamiento-medido-en-semana-santa\/","title":{"rendered":"Concordia no cobrar\u00e1 estacionamiento medido en Semana Santa"},"content":{"rendered":"<p style=\"text-align: center;\"><em><strong>La medida rige desde el jueves 17 de abril, hasta el domingo 20 de abril, indicaron las autoridades de la localidad<\/strong><\/em><\/p>\n<p>&nbsp;<\/p>\n<p>&nbsp;<\/p>\n<p>Seg\u00fan se detall\u00f3 desde Direcci\u00f3n de Tr\u00e1nsito y Transporte de la Municipalidad de Concordia, el Estacionamiento Medido durante semana santa ser\u00e1 libre.<\/p>\n<p>\u201cLa medida rige desde el jueves 17 de abril, hasta el domingo 20 de abril\u201d, indicaron desde la repartici\u00f3n de la comuna que conduce Francisco Azcu\u00e9.<\/p>\n<p>Adem\u00e1s, el \u00e1rea adelant\u00f3 que el cobro del sistema se reanudar\u00e1 \u201cel d\u00eda lunes 21 de abril, con normalidad\u201d.<\/p>\n","protected":false},"excerpt":{"rendered":"<p>La medida rige desde el jueves 17 de abril, hasta el domingo 20 de abril, indicaron las autoridades de la localidad &nbsp; &nbsp; Seg\u00fan se detall\u00f3 desde Direcci\u00f3n de Tr\u00e1nsito y Transporte de la Municipalidad de Concordia, el Estacionamiento Medido durante semana santa ser\u00e1 libre. \u201cLa medida rige desde el jueves 17 de abril, hasta el domingo 20 de abril\u201d, indicaron desde la repartici\u00f3n de la comuna que conduce Francisco Azcu\u00e9. Adem\u00e1s, el \u00e1rea adelant\u00f3 que el cobro del sistema se reanudar\u00e1 \u201cel d\u00eda lunes 21 de abril, con normalidad\u201d.<\/p>\n","protected":false},"author":3,"featured_media":127273,"comment_status":"closed","ping_status":"closed","sticky":false,"template":"","format":"standard","meta":[],"categories":[15],"tags":[],"_links":{"self":[{"href":"https:\/\/www.actualidadadiario.com\/index.php\/wp-json\/wp\/v2\/posts\/127272"}],"collection":[{"href":"https:\/\/www.actualidadadiario.com\/index.php\/wp-json\/wp\/v2\/posts"}],"about":[{"href":"https:\/\/www.actualidadadiario.com\/index.php\/wp-json\/wp\/v2\/types\/post"}],"author":[{"embeddable":true,"href":"https:\/\/www.actualidadadiario.com\/index.php\/wp-json\/wp\/v2\/users\/3"}],"replies":[{"embeddable":true,"href":"https:\/\/www.actualidadadiario.com\/index.php\/wp-json\/wp\/v2\/comments?post=127272"}],"version-history":[{"count":1,"href":"https:\/\/www.actualidadadiario.com\/index.php\/wp-json\/wp\/v2\/posts\/127272\/revisions"}],"predecessor-version":[{"id":127274,"href":"https:\/\/www.actualidadadiario.com\/index.php\/wp-json\/wp\/v2\/posts\/127272\/revisions\/127274"}],"wp:featuredmedia":[{"embeddable":true,"href":"https:\/\/www.actualidadadiario.com\/index.php\/wp-json\/wp\/v2\/media\/127273"}],"wp:attachment":[{"href":"https:\/\/www.actualidadadiario.com\/index.php\/wp-json\/wp\/v2\/media?parent=127272"}],"wp:term":[{"taxonomy":"category","embeddable":true,"href":"https:\/\/www.actualidadadiario.com\/index.php\/wp-json\/wp\/v2\/categories?post=127272"},{"taxonomy":"post_tag","embeddable":true,"href":"https:\/\/www.actualidadadiario.com\/index.php\/wp-json\/wp\/v2\/tags?post=127272"}],"curies":[{"name":"wp","href":"https:\/\/api.w.org\/{rel}","templated":true}]}}