{"id":127270,"date":"2025-04-16T09:52:25","date_gmt":"2025-04-16T12:52:25","guid":{"rendered":"https:\/\/www.actualidadadiario.com\/?p=127270"},"modified":"2025-04-16T09:52:25","modified_gmt":"2025-04-16T12:52:25","slug":"federacion-ya-cuenta-con-un-80-de-reservas-para-semana-santa","status":"publish","type":"post","link":"https:\/\/www.actualidadadiario.com\/index.php\/2025\/04\/16\/federacion-ya-cuenta-con-un-80-de-reservas-para-semana-santa\/","title":{"rendered":"Federaci\u00f3n ya cuenta con un 80% de reservas para Semana Santa"},"content":{"rendered":"<p style=\"text-align: center;\"><em><strong>Federaci\u00f3n se prepara para vivir una Semana Santa con alta afluencia tur\u00edstica. Seg\u00fan datos proporcionados por el secretario de Turismo Ezequiel Marozzini, la ciudad ya registra un 80% de reservas en su capacidad hotelera, que asciende a 13.000 camas disponibles. El mayor movimiento se espera entre el jueves y s\u00e1bado, con una importante presencia de visitantes tanto nacionales como del exterior, especialmente de Uruguay<\/strong><\/em><\/p>\n<p>&nbsp;<\/p>\n<p>&nbsp;<\/p>\n<p>Marozzini se\u00f1al\u00f3 que ya desde el pasado fin de semana se ha notado un gran ingreso de turistas uruguayos, fen\u00f3meno que tambi\u00e9n se repiti\u00f3 el lunes y martes. Esta respuesta positiva, explic\u00f3, es resultado del trabajo articulado con la Secretar\u00eda de Turismo de Montevideo y otras zonas aleda\u00f1as, donde Federaci\u00f3n ha estado presente promocionando su oferta tur\u00edstica.<\/p>\n<p>&nbsp;<\/p>\n<p><strong>Termalismo como motor tur\u00edstico<\/strong><\/p>\n<p>El funcionario asegur\u00f3 que, a nivel provincial, la costa del Uruguay muestra un dinamismo que la diferencia del resto de Entre R\u00edos, y que la principal atracci\u00f3n de esta Semana Santa ser\u00e1 el termalismo, con sus 16 complejos en funcionamiento, m\u00e1s el de Santa Ana. \u201cDe los 17 complejos, la actividad principal esta Semana Santa ser\u00e1 el termalismo\u201d, afirm\u00f3.<\/p>\n<p>Si bien el porcentaje actual de reservas es provisorio, Marozzini se mostr\u00f3 optimista de que aumente a\u00fan m\u00e1s a medida que se acerquen los d\u00edas clave. Adem\u00e1s, remarc\u00f3 que este movimiento representar\u00e1 un impacto econ\u00f3mico muy positivo para los comercios y prestadores de servicios de la ciudad.<\/p>\n<p>&nbsp;<\/p>\n<p><strong>Estrategias para la temporada baja<\/strong><\/p>\n<p>Pensando m\u00e1s all\u00e1 del fin de semana largo, el secretario de Turismo sostuvo que es fundamental trabajar en una estrategia sostenida de promoci\u00f3n tur\u00edstica tanto desde el sector p\u00fablico como privado. En ese sentido, la Secretar\u00eda de Turismo de Federaci\u00f3n ya tiene en marcha diversas campa\u00f1as promocionales en distintas regiones del pa\u00eds, y proyecta realizar al menos siete viajes m\u00e1s durante el a\u00f1o para seguir posicionando el destino.<\/p>\n<p>Uno de los focos estrat\u00e9gicos es el sur de Brasil, desde donde ya se ha registrado un incipiente flujo tur\u00edstico. \u201cCreo que somos una de las pocas ciudades de Entre R\u00edos que est\u00e1 haciendo promoci\u00f3n en esa zona, y es un p\u00fablico que puede crecer mucho\u201d, coment\u00f3 Marozzini, sugiriendo que la Secretar\u00eda de Turismo provincial deber\u00eda prestar atenci\u00f3n a este nuevo mercado.<\/p>\n<p>&nbsp;<\/p>\n<p><strong>Trabajo en regi\u00f3n y presencia en FIT<\/strong><\/p>\n<p>Finalmente, Marozzini destac\u00f3 los buenos resultados del trabajo conjunto con Concordia y otras localidades vecinas, especialmente durante la \u00faltima edici\u00f3n de la Feria Internacional de Turismo (FIT). En ese marco, se busca reforzar la presencia con un stand regional en la pr\u00f3xima edici\u00f3n, invitando a m\u00e1s ciudades del departamento a sumarse a una propuesta tur\u00edstica consolidada y atractiva.<\/p>\n<p>\u201cSeguimos apostando a una estrategia regional que nos permita fortalecer nuestros destinos, sumar esfuerzos y atraer cada vez m\u00e1s visitantes durante todo el a\u00f1o\u201d, concluy\u00f3.<\/p>\n","protected":false},"excerpt":{"rendered":"<p>Federaci\u00f3n se prepara para vivir una Semana Santa con alta afluencia tur\u00edstica. Seg\u00fan datos proporcionados por el secretario de Turismo Ezequiel Marozzini, la ciudad ya registra un 80% de reservas en su capacidad hotelera, que asciende a 13.000 camas disponibles. El mayor movimiento se espera entre el jueves y s\u00e1bado, con una importante presencia de visitantes tanto nacionales como del exterior, especialmente de Uruguay &nbsp; &nbsp; Marozzini se\u00f1al\u00f3 que ya desde el pasado fin de semana se ha notado un gran ingreso de turistas uruguayos, fen\u00f3meno que tambi\u00e9n se repiti\u00f3&#8230;<\/p>\n","protected":false},"author":3,"featured_media":81984,"comment_status":"closed","ping_status":"closed","sticky":false,"template":"","format":"standard","meta":[],"categories":[15],"tags":[],"_links":{"self":[{"href":"https:\/\/www.actualidadadiario.com\/index.php\/wp-json\/wp\/v2\/posts\/127270"}],"collection":[{"href":"https:\/\/www.actualidadadiario.com\/index.php\/wp-json\/wp\/v2\/posts"}],"about":[{"href":"https:\/\/www.actualidadadiario.com\/index.php\/wp-json\/wp\/v2\/types\/post"}],"author":[{"embeddable":true,"href":"https:\/\/www.actualidadadiario.com\/index.php\/wp-json\/wp\/v2\/users\/3"}],"replies":[{"embeddable":true,"href":"https:\/\/www.actualidadadiario.com\/index.php\/wp-json\/wp\/v2\/comments?post=127270"}],"version-history":[{"count":1,"href":"https:\/\/www.actualidadadiario.com\/index.php\/wp-json\/wp\/v2\/posts\/127270\/revisions"}],"predecessor-version":[{"id":127271,"href":"https:\/\/www.actualidadadiario.com\/index.php\/wp-json\/wp\/v2\/posts\/127270\/revisions\/127271"}],"wp:featuredmedia":[{"embeddable":true,"href":"https:\/\/www.actualidadadiario.com\/index.php\/wp-json\/wp\/v2\/media\/81984"}],"wp:attachment":[{"href":"https:\/\/www.actualidadadiario.com\/index.php\/wp-json\/wp\/v2\/media?parent=127270"}],"wp:term":[{"taxonomy":"category","embeddable":true,"href":"https:\/\/www.actualidadadiario.com\/index.php\/wp-json\/wp\/v2\/categories?post=127270"},{"taxonomy":"post_tag","embeddable":true,"href":"https:\/\/www.actualidadadiario.com\/index.php\/wp-json\/wp\/v2\/tags?post=127270"}],"curies":[{"name":"wp","href":"https:\/\/api.w.org\/{rel}","templated":true}]}}