{"id":127268,"date":"2025-04-15T15:08:49","date_gmt":"2025-04-15T18:08:49","guid":{"rendered":"https:\/\/www.actualidadadiario.com\/?p=127268"},"modified":"2025-04-15T15:08:49","modified_gmt":"2025-04-15T18:08:49","slug":"francos-se-alista-para-dar-su-informe-de-gestion-ante-un-congreso-que-trama-un-desplante","status":"publish","type":"post","link":"https:\/\/www.actualidadadiario.com\/index.php\/2025\/04\/15\/francos-se-alista-para-dar-su-informe-de-gestion-ante-un-congreso-que-trama-un-desplante\/","title":{"rendered":"Francos se alista para dar su informe de gesti\u00f3n ante un Congreso que trama un desplante"},"content":{"rendered":"<p style=\"text-align: center;\"><em><strong>El Jefe de Gabinete deber\u00e1 concurrir este mi\u00e9rcoles a Diputados, en donde los representantes de la C\u00e1mara Baja le preguntar\u00e1n -entre otros temas- sobre las \u00faltimas medidas econ\u00f3micas<\/strong><\/em><\/p>\n<p>&nbsp;<\/p>\n<p>&nbsp;<\/p>\n<p>El Jefe de Gabinete, Guillermo Francos, se prepara para brindar su informe de gesti\u00f3n este mi\u00e9rcoles en Diputados, donde se prev\u00e9 que el nuevo acuerdo con el Fondo Monetario Internacional (FMI) y las medidas cambiarias dominen la discusi\u00f3n.<\/p>\n<p>Desde las 14, el funcionario responder\u00e1 a las inquietudes de los legisladores tras dar a conocer un resumen de lo hecho hasta el momento por el Ejecutivo. Seg\u00fan pudo saber \u00c1mbito, la C\u00e1mara Baja elev\u00f3 un total de 4073 preguntas, de las cuales quedaron 2307 debido a que muchas de ellas estaban repetidas. Del total de consultas, el 54% corresponde a la bancada de Uni\u00f3n por la Patria.<\/p>\n<p>Tras el debut de la denominada &#8220;Fase 3&#8221;, en Balcarce 50 insisten en que &#8220;todo marcha de acuerdo al plan&#8221; y ratifican el rumbo de la pol\u00edtica econ\u00f3mica en discursos e im\u00e1genes difundidas, pese a que la preocupaci\u00f3n por el nivel de reservas y la suba del tipo de cambio oficial se sinti\u00f3 en los despachos oficiales.<\/p>\n<p>&nbsp;<\/p>\n<p><strong>Francos, dos veces en una semana a Diputados<\/strong><\/p>\n<p>En este marco, la mayor\u00eda de las consultas apuntan a conocer la letra chica del acuerdo con el organismo que dirige Kristalina Georgieva, puntualmente qu\u00e9 tipo de exigencias le hace al Gobierno en materia previsional, impositiva y laboral. Por fuera de este tema, otro de los grandes ejes de las consultas ser\u00e1 la estafa cripto $LIBRA.<\/p>\n<p>Sobre este \u00faltimo punto, hasta ahora el Jefe de Gabinete es el \u00fanico funcionario que confirm\u00f3 su asistencia para la interpelaci\u00f3n que tendr\u00e1 lugar el martes 22 de abril, pese a que tambi\u00e9n fueron citados a la misma Luis Caputo (Econom\u00eda), Mariano C\u00faneo Libarona (Justicia), y el titular de la Comisi\u00f3n Nacional de Valores (CNV), Roberto Silva. Para dicha exposici\u00f3n -la segunda en una semana-, el jefe de los ministros se prepara en base a las preguntas que le hizo llegar la oposici\u00f3n sobre el caso $LIBRA, que salpica al t\u00e1ndem Javier y Karina Milei.<\/p>\n<p>Por esta raz\u00f3n, el oficialismo aspira a no desgatar la figura del jefe de Gabinete en la sesi\u00f3n de este mi\u00e9rcoles. Con esta premisa, el presidente de Diputados, Mart\u00edn Menem, apuesta a vaciar el recinto de opositores, y a tal fin desestim\u00f3 el reclamo de diferentes bancadas de adelantar o modificar la fecha -en la v\u00edspera de Semana Santa-, ante la dificultad de los diputados de las provincias m\u00e1s alejadas de la Ciudad de Buenos Aires para conseguir vuelos de regreso.<\/p>\n<p>Por estas horas, algunos bloques analizan el escenario y no descartan un desplante. Tal es el caso de Encuentro Federal, que convoc\u00f3 para este martes a las 14 a una reuni\u00f3n de bloque, en donde definir\u00e1 su estrategia de cara a la sesi\u00f3n informativa. En tanto, Uni\u00f3n por la Patria tendr\u00e1 su encuentro el mismo mi\u00e9rcoles por la ma\u00f1ana.<\/p>\n<p>En la previa a la exposici\u00f3n de Francos, el vocero y candidato a legislador porte\u00f1o Manuel Adorni retomar\u00e1 tambi\u00e9n este mi\u00e9rcoles su habitual rueda de preguntas, que lleva suspendida desde el 3 de abril.<\/p>\n","protected":false},"excerpt":{"rendered":"<p>El Jefe de Gabinete deber\u00e1 concurrir este mi\u00e9rcoles a Diputados, en donde los representantes de la C\u00e1mara Baja le preguntar\u00e1n -entre otros temas- sobre las \u00faltimas medidas econ\u00f3micas &nbsp; &nbsp; El Jefe de Gabinete, Guillermo Francos, se prepara para brindar su informe de gesti\u00f3n este mi\u00e9rcoles en Diputados, donde se prev\u00e9 que el nuevo acuerdo con el Fondo Monetario Internacional (FMI) y las medidas cambiarias dominen la discusi\u00f3n. Desde las 14, el funcionario responder\u00e1 a las inquietudes de los legisladores tras dar a conocer un resumen de lo hecho hasta&#8230;<\/p>\n","protected":false},"author":3,"featured_media":126995,"comment_status":"closed","ping_status":"closed","sticky":false,"template":"","format":"standard","meta":[],"categories":[18],"tags":[],"_links":{"self":[{"href":"https:\/\/www.actualidadadiario.com\/index.php\/wp-json\/wp\/v2\/posts\/127268"}],"collection":[{"href":"https:\/\/www.actualidadadiario.com\/index.php\/wp-json\/wp\/v2\/posts"}],"about":[{"href":"https:\/\/www.actualidadadiario.com\/index.php\/wp-json\/wp\/v2\/types\/post"}],"author":[{"embeddable":true,"href":"https:\/\/www.actualidadadiario.com\/index.php\/wp-json\/wp\/v2\/users\/3"}],"replies":[{"embeddable":true,"href":"https:\/\/www.actualidadadiario.com\/index.php\/wp-json\/wp\/v2\/comments?post=127268"}],"version-history":[{"count":1,"href":"https:\/\/www.actualidadadiario.com\/index.php\/wp-json\/wp\/v2\/posts\/127268\/revisions"}],"predecessor-version":[{"id":127269,"href":"https:\/\/www.actualidadadiario.com\/index.php\/wp-json\/wp\/v2\/posts\/127268\/revisions\/127269"}],"wp:featuredmedia":[{"embeddable":true,"href":"https:\/\/www.actualidadadiario.com\/index.php\/wp-json\/wp\/v2\/media\/126995"}],"wp:attachment":[{"href":"https:\/\/www.actualidadadiario.com\/index.php\/wp-json\/wp\/v2\/media?parent=127268"}],"wp:term":[{"taxonomy":"category","embeddable":true,"href":"https:\/\/www.actualidadadiario.com\/index.php\/wp-json\/wp\/v2\/categories?post=127268"},{"taxonomy":"post_tag","embeddable":true,"href":"https:\/\/www.actualidadadiario.com\/index.php\/wp-json\/wp\/v2\/tags?post=127268"}],"curies":[{"name":"wp","href":"https:\/\/api.w.org\/{rel}","templated":true}]}}