{"id":127264,"date":"2025-04-15T15:07:49","date_gmt":"2025-04-15T18:07:49","guid":{"rendered":"https:\/\/www.actualidadadiario.com\/?p=127264"},"modified":"2025-04-15T15:08:15","modified_gmt":"2025-04-15T18:08:15","slug":"libragate-martin-menem-oficializara-a-los-integrantes-de-la-comision-pero-corre-riesgo-de-impugnacion","status":"publish","type":"post","link":"https:\/\/www.actualidadadiario.com\/index.php\/2025\/04\/15\/libragate-martin-menem-oficializara-a-los-integrantes-de-la-comision-pero-corre-riesgo-de-impugnacion\/","title":{"rendered":"Libragate: Mart\u00edn Menem oficializar\u00e1 a los integrantes de la comisi\u00f3n, pero corre riesgo de impugnaci\u00f3n"},"content":{"rendered":"<p style=\"text-align: center;\"><em><strong>El presidente de C\u00e1mara de Diputados tiene previsto confirmar la lista de integrantes de la comisi\u00f3n investigadora del caso $Libra<\/strong><\/em><\/p>\n<p>&nbsp;<\/p>\n<p>&nbsp;<\/p>\n<p>Mart\u00edn Menem confirmar\u00e1 este martes a los integrantes de la comisi\u00f3n investigadora del caso $Libra en Diputados: se conformar\u00e1\u00a0 con 14 legisladores inclinados a complicar a Javier Milei y otros 14 que lo respaldar\u00edan.<\/p>\n<p>Sin embargo, el futuro anuncio enfrenta un pedido de impugnaci\u00f3n. El proyecto de resoluci\u00f3n que cre\u00f3 la comisi\u00f3n daba tiempo hasta el viernes a cada fuerza para presentar candidatos a ocupar vocal\u00edas. Seg\u00fan referentes de Uni\u00f3n por la Patria, Encuentro Federal, la Coalici\u00f3n C\u00edvica y Democracia Para Siempre (UCR cr\u00edtica), las bancadas que impulsan la pesquisa del esc\u00e1ndalo cripto, hasta las 20 horas de ese d\u00eda Innovaci\u00f3n Federal, el bloque de partidos provinciales, no hab\u00eda presentado los nombres de los dos integrantes que le corresponden.<\/p>\n<p>Desde la C\u00e1mara Baja, algunas fuentes sostienen que IF reserv\u00f3 sus lugares y luego su presidenta, la salte\u00f1a Pamela Calletti, confirm\u00f3 la designaci\u00f3n de Yolanda Vega (Salta) y Agust\u00edn Domingo (R\u00edo Negro). No obstante, desde la alianza opositora rechazan ese accionar. &#8220;El art\u00edculo 11 de la resoluci\u00f3n es claro: hab\u00eda tiempo hasta el viernes para enviar las propuestas y este martes debe conocerse la resoluci\u00f3n con las designaciones&#8221;,\u00a0 afirm\u00f3 un legislador del sector, anticipando un pedido de impugnaci\u00f3n si se incluyen a los dos federales.<\/p>\n<p>La comisi\u00f3n debe constituirse el 23 de abril, pero si hay empate no est\u00e1 claro que pueda funcionar. Por ejemplo, no ser\u00eda posible elegir autoridades ni definir un itinerario de trabajo, con citaciones y pedidos de informaci\u00f3n.<\/p>\n<p>El grupo que apoya la conformaci\u00f3n de la comisi\u00f3n, est\u00e1 integrado por los siete representantes de Uni\u00f3n por la Patria: Pablo Carro, Juan Marino, Rodolfo Tailhade, Carlos Selva, Itai Hagman, Carolina Gaillard y Julia Strada (por el interbloque con la izquierda). A ellos se suman Christian Castillo (por el FIT), Danya Tavella y Fernando Carbajal (por DPS), M\u00f3nica Frade y Maximiliano Ferraro (por la Coalici\u00f3n C\u00edvica) y Oscar Carre\u00f1o junto a Nicol\u00e1s Massot (de Encuentro Federal).<\/p>\n<p>Menem apuesta a contar con los otros 14 integrantes que estar\u00edan alineados con el oficialismo para frenar el avance de la comisi\u00f3n. Incluy\u00f3 figuras afines a Milei, como Gabriel Bornoroni, Nicol\u00e1s Mayoraz, Nadia M\u00e1rquez y la tucumana Paula Omodeo, que representa a su propio monobloque (CREO). A ellos se suman los nombres de Cristian Ritondo, Silvana Giudici, Mart\u00edn Maquieyra y Oscar Zago (del interbloque PRO-MID); mientras que la UCR aport\u00f3 a Karina Banfi y Soledad Carrizo. Vega y Domingo completar\u00edan la n\u00f3mina.<\/p>\n","protected":false},"excerpt":{"rendered":"<p>El presidente de C\u00e1mara de Diputados tiene previsto confirmar la lista de integrantes de la comisi\u00f3n investigadora del caso $Libra &nbsp; &nbsp; Mart\u00edn Menem confirmar\u00e1 este martes a los integrantes de la comisi\u00f3n investigadora del caso $Libra en Diputados: se conformar\u00e1\u00a0 con 14 legisladores inclinados a complicar a Javier Milei y otros 14 que lo respaldar\u00edan. Sin embargo, el futuro anuncio enfrenta un pedido de impugnaci\u00f3n. El proyecto de resoluci\u00f3n que cre\u00f3 la comisi\u00f3n daba tiempo hasta el viernes a cada fuerza para presentar candidatos a ocupar vocal\u00edas. Seg\u00fan referentes&#8230;<\/p>\n","protected":false},"author":3,"featured_media":127265,"comment_status":"closed","ping_status":"closed","sticky":false,"template":"","format":"standard","meta":[],"categories":[18],"tags":[],"_links":{"self":[{"href":"https:\/\/www.actualidadadiario.com\/index.php\/wp-json\/wp\/v2\/posts\/127264"}],"collection":[{"href":"https:\/\/www.actualidadadiario.com\/index.php\/wp-json\/wp\/v2\/posts"}],"about":[{"href":"https:\/\/www.actualidadadiario.com\/index.php\/wp-json\/wp\/v2\/types\/post"}],"author":[{"embeddable":true,"href":"https:\/\/www.actualidadadiario.com\/index.php\/wp-json\/wp\/v2\/users\/3"}],"replies":[{"embeddable":true,"href":"https:\/\/www.actualidadadiario.com\/index.php\/wp-json\/wp\/v2\/comments?post=127264"}],"version-history":[{"count":2,"href":"https:\/\/www.actualidadadiario.com\/index.php\/wp-json\/wp\/v2\/posts\/127264\/revisions"}],"predecessor-version":[{"id":127267,"href":"https:\/\/www.actualidadadiario.com\/index.php\/wp-json\/wp\/v2\/posts\/127264\/revisions\/127267"}],"wp:featuredmedia":[{"embeddable":true,"href":"https:\/\/www.actualidadadiario.com\/index.php\/wp-json\/wp\/v2\/media\/127265"}],"wp:attachment":[{"href":"https:\/\/www.actualidadadiario.com\/index.php\/wp-json\/wp\/v2\/media?parent=127264"}],"wp:term":[{"taxonomy":"category","embeddable":true,"href":"https:\/\/www.actualidadadiario.com\/index.php\/wp-json\/wp\/v2\/categories?post=127264"},{"taxonomy":"post_tag","embeddable":true,"href":"https:\/\/www.actualidadadiario.com\/index.php\/wp-json\/wp\/v2\/tags?post=127264"}],"curies":[{"name":"wp","href":"https:\/\/api.w.org\/{rel}","templated":true}]}}