{"id":127260,"date":"2025-04-15T15:05:54","date_gmt":"2025-04-15T18:05:54","guid":{"rendered":"https:\/\/www.actualidadadiario.com\/?p=127260"},"modified":"2025-04-15T15:05:54","modified_gmt":"2025-04-15T18:05:54","slug":"fopea-deplora-las-expresiones-agraviantes-y-violentas-de-milei-hacia-periodistas","status":"publish","type":"post","link":"https:\/\/www.actualidadadiario.com\/index.php\/2025\/04\/15\/fopea-deplora-las-expresiones-agraviantes-y-violentas-de-milei-hacia-periodistas\/","title":{"rendered":"Fopea &#8220;deplora&#8221; las &#8220;expresiones agraviantes y violentas&#8221; de Milei hacia periodistas"},"content":{"rendered":"<p style=\"text-align: center;\"><em><strong>\u201cEl periodismo puede y debe ser cuestionado, discutido y analizado, pero nunca desde la descalificaci\u00f3n personal&#8221;, afirm\u00f3 la entidad<\/strong><\/em><\/p>\n<p>&nbsp;<\/p>\n<p>&nbsp;<\/p>\n<p>El Foro de Periodismo Argentino (Fopea) deplor\u00f3 hoy las \u201cexpresiones agraviantes y violentas\u201d manifestadas por el presidente Javier Milei hacia periodistas, a quienes acus\u00f3 de \u201cenvenenar a la gente\u201d, \u201cmentir\u201d y \u201coperar\u201d para generar perjuicios econ\u00f3micos al pa\u00eds.<\/p>\n<p>\u201cFopea deplora las expresiones agraviantes y violentas del presidente Javier Milei hacia periodistas, en el marco de una extensa entrevista emitida este lunes, y manifiesta su preocupaci\u00f3n por la reiteraci\u00f3n de un discurso hostil que estigmatiza a quienes ejercen el periodismo en la Argentina\u201d, expres\u00f3 la entidad en un comunicado.<\/p>\n<p>El escrito puntualiza que Milei \u201cutiliz\u00f3 descalificaciones personales y acusaciones hacia colegas como Jorge Fern\u00e1ndez D\u00edaz, Carlos Pagni y Alfredo Leuco, a quienes acus\u00f3 de \u2018envenenar a la gente\u2019, \u2018mentir\u2019 y \u2018operar\u2019 para generar perjuicios econ\u00f3micos, en una escalada verbal incompatible con la investidura que representa\u201d.<\/p>\n<p>\u201cEl presidente Milei lleg\u00f3 a afirmar: \u201cEstoy dispuesto a guantearme todo el tiempo. \u00bfVos me quer\u00e9s pegar? Si te contesto, banc\u00e1tela\u201d, se\u00f1ala el texto.<\/p>\n<p>A\u00f1ade que \u201ceste tipo de expresiones, pronunciadas por quien ejerce la m\u00e1xima autoridad institucional del pa\u00eds, trascienden el terreno de la cr\u00edtica leg\u00edtima y se convierten en un mensaje de confrontaci\u00f3n, intolerancia y violencia con consecuencias reales\u201d.<\/p>\n<p>Fopea recalc\u00f3 que advirti\u00f3 \u201cen reiteradas ocasiones\u201d sobre los riesgos de \u201cpromover un clima de hostilidad hacia el periodismo: no s\u00f3lo deteriora el debate democr\u00e1tico, sino que habilita escenarios de violencia simb\u00f3lica y f\u00edsica, como los que han sufrido colegas de distintas l\u00edneas editoriales durante coberturas p\u00fablicas recientes\u201d.<\/p>\n<p>\u201cEl periodismo puede y debe ser cuestionado, discutido y analizado, pero nunca desde la descalificaci\u00f3n personal ni desde un poder que busca acallar con agravios. La libertad de prensa no es un privilegio del sector, sino una garant\u00eda para toda la ciudadan\u00eda\u201d, sostiene Fopea.<\/p>\n<p>La entidad presidida por Paula Moreno Rom\u00e1n exhort\u00f3 a Milei \u201cas\u00ed como al resto de la dirigencia pol\u00edtica, a ejercer sus responsabilidades con mesura, respeto y compromiso democr\u00e1tico, y a sostener una relaci\u00f3n institucional madura con la prensa, respetando el disenso y la cr\u00edtica\u201d.<\/p>\n<p>\u201cEl rol presidencial no habilita el agravio, lejos de ello exige templanza. La deslegitimaci\u00f3n constante del periodismo desde el poder no contribuye a resolver los problemas del pa\u00eds: los encona y nos aleja del imprescindible ejercicio del di\u00e1logo democr\u00e1tico\u201d.<\/p>\n","protected":false},"excerpt":{"rendered":"<p>\u201cEl periodismo puede y debe ser cuestionado, discutido y analizado, pero nunca desde la descalificaci\u00f3n personal&#8221;, afirm\u00f3 la entidad &nbsp; &nbsp; El Foro de Periodismo Argentino (Fopea) deplor\u00f3 hoy las \u201cexpresiones agraviantes y violentas\u201d manifestadas por el presidente Javier Milei hacia periodistas, a quienes acus\u00f3 de \u201cenvenenar a la gente\u201d, \u201cmentir\u201d y \u201coperar\u201d para generar perjuicios econ\u00f3micos al pa\u00eds. \u201cFopea deplora las expresiones agraviantes y violentas del presidente Javier Milei hacia periodistas, en el marco de una extensa entrevista emitida este lunes, y manifiesta su preocupaci\u00f3n por la reiteraci\u00f3n de&#8230;<\/p>\n","protected":false},"author":3,"featured_media":126529,"comment_status":"closed","ping_status":"closed","sticky":false,"template":"","format":"standard","meta":[],"categories":[18],"tags":[],"_links":{"self":[{"href":"https:\/\/www.actualidadadiario.com\/index.php\/wp-json\/wp\/v2\/posts\/127260"}],"collection":[{"href":"https:\/\/www.actualidadadiario.com\/index.php\/wp-json\/wp\/v2\/posts"}],"about":[{"href":"https:\/\/www.actualidadadiario.com\/index.php\/wp-json\/wp\/v2\/types\/post"}],"author":[{"embeddable":true,"href":"https:\/\/www.actualidadadiario.com\/index.php\/wp-json\/wp\/v2\/users\/3"}],"replies":[{"embeddable":true,"href":"https:\/\/www.actualidadadiario.com\/index.php\/wp-json\/wp\/v2\/comments?post=127260"}],"version-history":[{"count":1,"href":"https:\/\/www.actualidadadiario.com\/index.php\/wp-json\/wp\/v2\/posts\/127260\/revisions"}],"predecessor-version":[{"id":127261,"href":"https:\/\/www.actualidadadiario.com\/index.php\/wp-json\/wp\/v2\/posts\/127260\/revisions\/127261"}],"wp:featuredmedia":[{"embeddable":true,"href":"https:\/\/www.actualidadadiario.com\/index.php\/wp-json\/wp\/v2\/media\/126529"}],"wp:attachment":[{"href":"https:\/\/www.actualidadadiario.com\/index.php\/wp-json\/wp\/v2\/media?parent=127260"}],"wp:term":[{"taxonomy":"category","embeddable":true,"href":"https:\/\/www.actualidadadiario.com\/index.php\/wp-json\/wp\/v2\/categories?post=127260"},{"taxonomy":"post_tag","embeddable":true,"href":"https:\/\/www.actualidadadiario.com\/index.php\/wp-json\/wp\/v2\/tags?post=127260"}],"curies":[{"name":"wp","href":"https:\/\/api.w.org\/{rel}","templated":true}]}}