{"id":127248,"date":"2025-04-15T14:24:30","date_gmt":"2025-04-15T17:24:30","guid":{"rendered":"https:\/\/www.actualidadadiario.com\/?p=127248"},"modified":"2025-04-15T14:24:30","modified_gmt":"2025-04-15T17:24:30","slug":"trabajadores-de-la-aduana-encabezaran-un-paro-por-reclamos-salariales","status":"publish","type":"post","link":"https:\/\/www.actualidadadiario.com\/index.php\/2025\/04\/15\/trabajadores-de-la-aduana-encabezaran-un-paro-por-reclamos-salariales\/","title":{"rendered":"Trabajadores de la Aduana encabezar\u00e1n un paro por reclamos salariales"},"content":{"rendered":"<p style=\"text-align: center;\"><em><strong>La medida de fuerza se extender\u00e1 hasta este mi\u00e9rcoles a las 19 horas. Adem\u00e1s, el paro se replicar\u00e1 el 29 y 30 de este mes en funci\u00f3n de sostener el plan de lucha<\/strong><\/em><\/p>\n<p>&nbsp;<\/p>\n<p>&nbsp;<\/p>\n<p>El sindicato de trabajadores de la Aduana convoc\u00f3 a un paro de actividades para este martes y mi\u00e9rcoles en todas las dependencias del pa\u00eds, ante lo que califican como una postura &#8220;indiferente e intransigente&#8221; de las autoridades del organismo, al no acordar una recomposici\u00f3n salarial con el sector gremial.<\/p>\n<p>El Sindicato \u00danico del Personal Aduanero de la Rep\u00fablica Argentina (Supara) anunci\u00f3 su decisi\u00f3n de &#8220;profundizar el plan de lucha&#8221; del sector &#8220;en defensa de nuestro genuino derecho a paritarias libres y homologadas&#8221;, se inform\u00f3 a trav\u00e9s de un comunicado.<\/p>\n<p>De este modo, el Supara convoc\u00f3 a un &#8220;paro de actividades en todo el pa\u00eds, los d\u00edas 15, 16, 29 y 30 de abril, en el horario de 7 a 19 horas, con presencia en los respectivos lugares de trabajo y sin afectaci\u00f3n, por el momento, del turismo internacional de pasajeros en los distintos puntos de frontera&#8221;.<\/p>\n<p>Adem\u00e1s, se realizar\u00e1 un &#8220;apag\u00f3n inform\u00e1tico de la computadora asignada a cada agente, previa carga de la asistencia en los respectivos sistemas&#8221; as\u00ed como &#8220;asambleas informativas en todas las dependencias, durante el transcurso de las medidas de fuerza&#8221;.<\/p>\n<p>Tambi\u00e9n se resolvi\u00f3 &#8220;mantener el estado de alerta permanente&#8221;, a fin &#8220;analizar la eventual necesidad de profundizar el plan de lucha anunciado&#8221;, y desde el gremio se aclar\u00f3 que quedan exceptuadas de las medidas de fuerza &#8220;todas las operaciones aduaneras vinculadas con razones humanitarias y\/o de salud p\u00fablica&#8221;.<\/p>\n<p>El conflicto entre el Supara y las autoridades de la Direcci\u00f3n General de Aduanas comenz\u00f3 a agudizarse a principios de a\u00f1o, debido a la falta de incrementos salariales, y se manifest\u00f3 a trav\u00e9s de un paro de actividades el 25 y 26 de marzo \u00faltimo, en el inicio de un plan de lucha que ahora se profundizar\u00e1.<\/p>\n","protected":false},"excerpt":{"rendered":"<p>La medida de fuerza se extender\u00e1 hasta este mi\u00e9rcoles a las 19 horas. Adem\u00e1s, el paro se replicar\u00e1 el 29 y 30 de este mes en funci\u00f3n de sostener el plan de lucha &nbsp; &nbsp; El sindicato de trabajadores de la Aduana convoc\u00f3 a un paro de actividades para este martes y mi\u00e9rcoles en todas las dependencias del pa\u00eds, ante lo que califican como una postura &#8220;indiferente e intransigente&#8221; de las autoridades del organismo, al no acordar una recomposici\u00f3n salarial con el sector gremial. El Sindicato \u00danico del Personal Aduanero&#8230;<\/p>\n","protected":false},"author":3,"featured_media":127249,"comment_status":"closed","ping_status":"closed","sticky":false,"template":"","format":"standard","meta":[],"categories":[2],"tags":[],"_links":{"self":[{"href":"https:\/\/www.actualidadadiario.com\/index.php\/wp-json\/wp\/v2\/posts\/127248"}],"collection":[{"href":"https:\/\/www.actualidadadiario.com\/index.php\/wp-json\/wp\/v2\/posts"}],"about":[{"href":"https:\/\/www.actualidadadiario.com\/index.php\/wp-json\/wp\/v2\/types\/post"}],"author":[{"embeddable":true,"href":"https:\/\/www.actualidadadiario.com\/index.php\/wp-json\/wp\/v2\/users\/3"}],"replies":[{"embeddable":true,"href":"https:\/\/www.actualidadadiario.com\/index.php\/wp-json\/wp\/v2\/comments?post=127248"}],"version-history":[{"count":1,"href":"https:\/\/www.actualidadadiario.com\/index.php\/wp-json\/wp\/v2\/posts\/127248\/revisions"}],"predecessor-version":[{"id":127250,"href":"https:\/\/www.actualidadadiario.com\/index.php\/wp-json\/wp\/v2\/posts\/127248\/revisions\/127250"}],"wp:featuredmedia":[{"embeddable":true,"href":"https:\/\/www.actualidadadiario.com\/index.php\/wp-json\/wp\/v2\/media\/127249"}],"wp:attachment":[{"href":"https:\/\/www.actualidadadiario.com\/index.php\/wp-json\/wp\/v2\/media?parent=127248"}],"wp:term":[{"taxonomy":"category","embeddable":true,"href":"https:\/\/www.actualidadadiario.com\/index.php\/wp-json\/wp\/v2\/categories?post=127248"},{"taxonomy":"post_tag","embeddable":true,"href":"https:\/\/www.actualidadadiario.com\/index.php\/wp-json\/wp\/v2\/tags?post=127248"}],"curies":[{"name":"wp","href":"https:\/\/api.w.org\/{rel}","templated":true}]}}