{"id":127236,"date":"2025-04-16T08:20:15","date_gmt":"2025-04-16T11:20:15","guid":{"rendered":"https:\/\/www.actualidadadiario.com\/?p=127236"},"modified":"2025-04-16T11:03:34","modified_gmt":"2025-04-16T14:03:34","slug":"trabajo-informal-cuatro-de-cada-10-personas-esta-fuera-del-sistema-registrado-segun-el-indec","status":"publish","type":"post","link":"https:\/\/www.actualidadadiario.com\/index.php\/2025\/04\/16\/trabajo-informal-cuatro-de-cada-10-personas-esta-fuera-del-sistema-registrado-segun-el-indec\/","title":{"rendered":"Trabajo informal: cuatro de cada 10 personas est\u00e1 fuera del sistema registrado, seg\u00fan el INDEC"},"content":{"rendered":"<p style=\"text-align: center;\"><em><strong>El INDEC lanz\u00f3 el nuevo dato de informalidad laboral que muestra que el 42% de los trabajadores en el cuarto trimestre de 2024 estaba bajo condiciones de informalidad. Se trata de un leve alza respecto al mismo per\u00edodo del a\u00f1o pasado<\/strong><\/em><\/p>\n<p>&nbsp;<\/p>\n<p>&nbsp;<\/p>\n<p>En su nuevo informe de informalidad laboral, el Instituto Nacional de Estad\u00edstica y Censos (INDEC) revel\u00f3 que la tasa de empleo alcanz\u00f3 el 45,7% en el cuarto trimestre dentro de los 31 aglomerados urbanos. De ellos, el 42% de los trabajadores no posee derechos laborales, mientras que el 57,8% se encuentra bajo los par\u00e1metros de formalidad. Se trata de una leve suba respecto al mismo per\u00edodo del a\u00f1o pasado (41,4%).<\/p>\n<p>Para tener una radiograf\u00eda de c\u00f3mo ser\u00eda a nivel nacional, si se extrapolara a la poblaci\u00f3n total esto implicar\u00eda que de 21.509.912 trabajadores, unos 9.034.163 se encontrar\u00eda en condiciones de informalidad y los 12.475.749 restantes corresponder\u00edan a los formales.<\/p>\n<p>En ese sentido, el investigador Luis Campos, especialista en temas laborales, destac\u00f3 el informe del INDEC, aunque explic\u00f3 a \u00c1mbito que este \u00edndice de informalidad no tiene en cuenta un factor clave que es la poblaci\u00f3n rural, ya que se realiza en base a la Encuesta Permanente de Hogares de la poblaci\u00f3n urbana. &#8220;Para este tema el sector rural tambi\u00e9n es muy importante&#8221;, debido al alto \u00edndice de informalidad que manejan en esas labores. As\u00ed y todo, asegur\u00f3 que &#8220;el hecho de poder ver la informalidad m\u00e1s all\u00e1 de los asalariados ya es un mont\u00f3n&#8221;.<\/p>\n<p>De los datos m\u00e1s destacables, m\u00e1s all\u00e1 de la tasa de informalidad por fuera de los asalariados, que asombra que alcance casi el 70% de los trabajadores por cuenta propia; se observa que el empleo joven tambi\u00e9n tiene una tasa de informalidad alarmante, as\u00ed como los rubros de casas particulares y construcci\u00f3n entre la rama de actividades. Dentro de los trabajadores informales se comprende a las &#8220;personas ocupadas, ya sean independientes o en relaci\u00f3n de dependencia, que desarrolla sus actividades al margen de las normas que las regulan&#8221;, aclara el informe.<\/p>\n<p>En el desagregado por forma de trabajo, se destaca que la tasa de informalidad alcanz\u00f3 al 62,4% de los trabajadores cuentapropistas, mientras que es del 35,8% entre los asalariados (dato que se conoc\u00eda) y del 19,7% entre los patrones. En esa l\u00ednea, el soci\u00f3logo Daniel Schteingart destac\u00f3 que era &#8220;muy necesario&#8221; este informe, ya que &#8220;hasta entonces, solo la pod\u00edamos conocer para los asalariados, que era aproximadamente el 75% de los ocupados. Ahora podemos conocerla tambi\u00e9n para los no asalariados, que es de aproximadamente el 25% restante&#8221;.<\/p>\n<p>Entre las mujeres, la tasa de informalidad tambi\u00e9n es m\u00e1s alta: el 43,4% de las empleadas no posee descuentos salariales, mientras que entre los hombres el umbral cede al 40,9%.<\/p>\n<p>El rango etario m\u00e1s golpeados es el de los j\u00f3venes que hasta los 29 a\u00f1os tienen un \u00edndice de informalidad de 58,7%, mientras que entre adultos mayores de 65 y m\u00e1s a\u00f1os tienen un 49,5% de informalidad y en el rango de 30 a 64 cede al 36,5%. &#8220;Si bien la informalidad entre los j\u00f3venes no sorprende, no deja de ser uno de los datos m\u00e1s importantes&#8221;, asegur\u00f3 Campos.<\/p>\n<p>Entre las ramas de actividad, el servicio dom\u00e9stico es el que tiene mayor tasa de informalidad, alcanzando el 77% de los trabajadores, mientras que en la construcci\u00f3n llega al 76,6% de los empleados y en comercio al 51,9%. La industria tiene la menor cantidad de trabajadores no registrados con el 36,1%.<\/p>\n<p>Adem\u00e1s, se destaca dentro de este informe que la informalidad baja de acuerdo al nivel educativo del trabajador: entre los empleados con un nivel superior de estudios y universitario completo la ocupaci\u00f3n informal se ubica en el 10,4%, mientras que para aquellos que solo tienen el secundario completo alcanza al 32,4%.<\/p>\n","protected":false},"excerpt":{"rendered":"<p>El INDEC lanz\u00f3 el nuevo dato de informalidad laboral que muestra que el 42% de los trabajadores en el cuarto trimestre de 2024 estaba bajo condiciones de informalidad. Se trata de un leve alza respecto al mismo per\u00edodo del a\u00f1o pasado &nbsp; &nbsp; En su nuevo informe de informalidad laboral, el Instituto Nacional de Estad\u00edstica y Censos (INDEC) revel\u00f3 que la tasa de empleo alcanz\u00f3 el 45,7% en el cuarto trimestre dentro de los 31 aglomerados urbanos. De ellos, el 42% de los trabajadores no posee derechos laborales, mientras que&#8230;<\/p>\n","protected":false},"author":3,"featured_media":127237,"comment_status":"closed","ping_status":"closed","sticky":false,"template":"","format":"standard","meta":[],"categories":[9],"tags":[],"_links":{"self":[{"href":"https:\/\/www.actualidadadiario.com\/index.php\/wp-json\/wp\/v2\/posts\/127236"}],"collection":[{"href":"https:\/\/www.actualidadadiario.com\/index.php\/wp-json\/wp\/v2\/posts"}],"about":[{"href":"https:\/\/www.actualidadadiario.com\/index.php\/wp-json\/wp\/v2\/types\/post"}],"author":[{"embeddable":true,"href":"https:\/\/www.actualidadadiario.com\/index.php\/wp-json\/wp\/v2\/users\/3"}],"replies":[{"embeddable":true,"href":"https:\/\/www.actualidadadiario.com\/index.php\/wp-json\/wp\/v2\/comments?post=127236"}],"version-history":[{"count":1,"href":"https:\/\/www.actualidadadiario.com\/index.php\/wp-json\/wp\/v2\/posts\/127236\/revisions"}],"predecessor-version":[{"id":127238,"href":"https:\/\/www.actualidadadiario.com\/index.php\/wp-json\/wp\/v2\/posts\/127236\/revisions\/127238"}],"wp:featuredmedia":[{"embeddable":true,"href":"https:\/\/www.actualidadadiario.com\/index.php\/wp-json\/wp\/v2\/media\/127237"}],"wp:attachment":[{"href":"https:\/\/www.actualidadadiario.com\/index.php\/wp-json\/wp\/v2\/media?parent=127236"}],"wp:term":[{"taxonomy":"category","embeddable":true,"href":"https:\/\/www.actualidadadiario.com\/index.php\/wp-json\/wp\/v2\/categories?post=127236"},{"taxonomy":"post_tag","embeddable":true,"href":"https:\/\/www.actualidadadiario.com\/index.php\/wp-json\/wp\/v2\/tags?post=127236"}],"curies":[{"name":"wp","href":"https:\/\/api.w.org\/{rel}","templated":true}]}}