{"id":127223,"date":"2025-04-15T11:48:38","date_gmt":"2025-04-15T14:48:38","guid":{"rendered":"https:\/\/www.actualidadadiario.com\/?p=127223"},"modified":"2025-04-15T11:48:38","modified_gmt":"2025-04-15T14:48:38","slug":"entre-rios-registro-en-abril-las-primeras-heladas-agronomicas-del-ano","status":"publish","type":"post","link":"https:\/\/www.actualidadadiario.com\/index.php\/2025\/04\/15\/entre-rios-registro-en-abril-las-primeras-heladas-agronomicas-del-ano\/","title":{"rendered":"Entre R\u00edos registr\u00f3 en abril las primeras heladas agron\u00f3micas del a\u00f1o"},"content":{"rendered":"<p style=\"text-align: center;\"><em><strong>Hasenkamp, Strobel y Victoria son algunas de las zonas de la provincia que registraron heladas agron\u00f3micas, seg\u00fan informe del Siber<\/strong><\/em><\/p>\n<p>&nbsp;<\/p>\n<p>&nbsp;<\/p>\n<p>Seg\u00fan lo publicado en el \u00faltimo informe del Sistema de Informaci\u00f3n de la Bolsa de Entre R\u00edos (Siber), durante la primera semana de abril se registr\u00f3 un marcado descenso de la temperatura m\u00ednima entre el viernes 4 y s\u00e1bado 5 de abril, donde en sitios puntuales se registraron heladas agron\u00f3micas.<\/p>\n<p>La helada agron\u00f3mica o agro meteorol\u00f3gica ocurre cuando la temperatura m\u00ednima es igual o inferior a 3 \u00b0C (medida a 1,5 metros de altura al abrigo meteorol\u00f3gico), lo cual supone una temperatura de 0 \u00b0C o inferior a nivel del suelo. No obstante, este valor es muy influenciado por la ubicaci\u00f3n dentro del relieve del paisaje.<\/p>\n<p>Es importante citar que, en el promedio de la Red de Centrales Meteorol\u00f3gicas Autom\u00e1ticas de la BolsaCER, entre viernes y s\u00e1bado los valores resultaron inferiores a los 5 \u00b0C.<\/p>\n<p>Los sitios con marcas m\u00e1s bajas fueron: Hasenkamp, Strobel y Victoria con m\u00ednimas de 2,2 \u00b0C.<\/p>\n","protected":false},"excerpt":{"rendered":"<p>Hasenkamp, Strobel y Victoria son algunas de las zonas de la provincia que registraron heladas agron\u00f3micas, seg\u00fan informe del Siber &nbsp; &nbsp; Seg\u00fan lo publicado en el \u00faltimo informe del Sistema de Informaci\u00f3n de la Bolsa de Entre R\u00edos (Siber), durante la primera semana de abril se registr\u00f3 un marcado descenso de la temperatura m\u00ednima entre el viernes 4 y s\u00e1bado 5 de abril, donde en sitios puntuales se registraron heladas agron\u00f3micas. La helada agron\u00f3mica o agro meteorol\u00f3gica ocurre cuando la temperatura m\u00ednima es igual o inferior a 3 \u00b0C&#8230;<\/p>\n","protected":false},"author":3,"featured_media":127224,"comment_status":"closed","ping_status":"closed","sticky":false,"template":"","format":"standard","meta":[],"categories":[15],"tags":[],"_links":{"self":[{"href":"https:\/\/www.actualidadadiario.com\/index.php\/wp-json\/wp\/v2\/posts\/127223"}],"collection":[{"href":"https:\/\/www.actualidadadiario.com\/index.php\/wp-json\/wp\/v2\/posts"}],"about":[{"href":"https:\/\/www.actualidadadiario.com\/index.php\/wp-json\/wp\/v2\/types\/post"}],"author":[{"embeddable":true,"href":"https:\/\/www.actualidadadiario.com\/index.php\/wp-json\/wp\/v2\/users\/3"}],"replies":[{"embeddable":true,"href":"https:\/\/www.actualidadadiario.com\/index.php\/wp-json\/wp\/v2\/comments?post=127223"}],"version-history":[{"count":1,"href":"https:\/\/www.actualidadadiario.com\/index.php\/wp-json\/wp\/v2\/posts\/127223\/revisions"}],"predecessor-version":[{"id":127225,"href":"https:\/\/www.actualidadadiario.com\/index.php\/wp-json\/wp\/v2\/posts\/127223\/revisions\/127225"}],"wp:featuredmedia":[{"embeddable":true,"href":"https:\/\/www.actualidadadiario.com\/index.php\/wp-json\/wp\/v2\/media\/127224"}],"wp:attachment":[{"href":"https:\/\/www.actualidadadiario.com\/index.php\/wp-json\/wp\/v2\/media?parent=127223"}],"wp:term":[{"taxonomy":"category","embeddable":true,"href":"https:\/\/www.actualidadadiario.com\/index.php\/wp-json\/wp\/v2\/categories?post=127223"},{"taxonomy":"post_tag","embeddable":true,"href":"https:\/\/www.actualidadadiario.com\/index.php\/wp-json\/wp\/v2\/tags?post=127223"}],"curies":[{"name":"wp","href":"https:\/\/api.w.org\/{rel}","templated":true}]}}