{"id":127221,"date":"2025-04-15T11:47:24","date_gmt":"2025-04-15T14:47:24","guid":{"rendered":"https:\/\/www.actualidadadiario.com\/?p=127221"},"modified":"2025-04-15T11:47:24","modified_gmt":"2025-04-15T14:47:24","slug":"el-gobierno-provincial-sostendra-con-recursos-propios-la-formacion-interdisciplinaria-en-las-residencias-en-salud-mental","status":"publish","type":"post","link":"https:\/\/www.actualidadadiario.com\/index.php\/2025\/04\/15\/el-gobierno-provincial-sostendra-con-recursos-propios-la-formacion-interdisciplinaria-en-las-residencias-en-salud-mental\/","title":{"rendered":"El Gobierno provincial sostendr\u00e1 con recursos propios la formaci\u00f3n interdisciplinaria en las residencias en salud mental"},"content":{"rendered":"<p style=\"text-align: center;\"><em><strong>&#8220;Consideramos la salud mental como un eje prioritario y entendemos que apostar a la formaci\u00f3n de especialistas de distintas disciplinas es fundamental para potenciar el abordaje de la red sanitaria desde una perspectiva integral&#8221;, sostuvo el ministro de Salud, Daniel Blanzaco. La provincia tiene una de las residencias en Salud Mental Infanto Juvenil m\u00e1s grandes del pa\u00eds, con sedes en los hospitales Escuela de Salud Mental de Paran\u00e1, Felipe Heras de Concordia y Centenario de Gualeguaych\u00fa<\/strong><\/em><\/p>\n<p>&nbsp;<\/p>\n<p>&nbsp;<\/p>\n<p>El gobierno entrerriano tom\u00f3 la determinaci\u00f3n de sostener con recursos propios, durante 2025, la educaci\u00f3n integral de los profesionales formados en las residencias Interdisciplinaria en Salud Mental (RISaM) e Interdisciplinaria en Salud Mental Infanto Juvenil (RISaMIJ), ante el nuevo enfoque adoptado por Naci\u00f3n en la materia.<\/p>\n<p>Cabe destacar que desde el Ministerio de Salud de Entre R\u00edos se considera fundamental conservar el abordaje interdisciplinario de la persona que s\u00f3lo brinda la Risam y esta postura es la que motiv\u00f3 la decisi\u00f3n de sostener con financiamiento provincial todas las disciplinas y los nuevos cargos previstos para la cohorte 2025.<\/p>\n<p>&nbsp;<\/p>\n<p><strong>Acerca de las residencias<\/strong><\/p>\n<p>La RISaM y RISaMIJ son propuestas de formaci\u00f3n de posgrado, de cuatro a\u00f1os, en el campo de la salud mental, dependientes del Ministerio de Salud. Las disciplinas que pueden acceder a las becas de formaci\u00f3n, a trav\u00e9s de concursos de oposici\u00f3n y antecedentes son: medicina, psicolog\u00eda, trabajo social, terapia ocupacional, enfermer\u00eda y comunicaci\u00f3n social.<\/p>\n<p>Para determinar el curso de acci\u00f3n adoptado, el ministro de Salud, Daniel Blanzaco, encabez\u00f3 un encuentro de trabajo con el director general de Salud Mental, Esteban D\u00e1vila y la coordinadora de Residencias M\u00e9dicas, Daniela Bello. All\u00ed se estableci\u00f3 como prioridad la continuidad de la modalidad interdisciplinaria de la RISaM y la RISaMIJ.<\/p>\n<p>En este sentido, el titular de la cartera sanitaria se\u00f1al\u00f3: &#8220;Consideramos la salud mental como un eje prioritario y entendemos que apostar a la formaci\u00f3n de especialistas de distintas disciplinas es fundamental para potenciar el abordaje de la red sanitaria desde una perspectiva integral&#8221;.<\/p>\n<p>Cabe se\u00f1alar que, la provincia tiene una de las RISaM m\u00e1s grandes del pa\u00eds, con sedes en los hospitales Escuela de Salud Mental de Paran\u00e1, Felipe Heras de Concordia y Centenario de Gualeguaych\u00fa. A la vez, es una de las tres jurisdicciones que cuenta con una residencia espec\u00edfica pensada para la poblaci\u00f3n infanto juvenil, la cual funciona en el hospital Materno Infantil San Roque de Paran\u00e1.<\/p>\n<p>Es importante destacar que la caracter\u00edstica fundamental de estas residencias es el trabajo interdisciplinario, a partir del cual se busca complementar diferentes profesiones para la construcci\u00f3n conjunta de estrategias de abordaje integral, teniendo como fundamento la Ley Nacional de Salud Mental 26.657 y Ley provincial de Adhesi\u00f3n 10.445.<\/p>\n","protected":false},"excerpt":{"rendered":"<p>&#8220;Consideramos la salud mental como un eje prioritario y entendemos que apostar a la formaci\u00f3n de especialistas de distintas disciplinas es fundamental para potenciar el abordaje de la red sanitaria desde una perspectiva integral&#8221;, sostuvo el ministro de Salud, Daniel Blanzaco. La provincia tiene una de las residencias en Salud Mental Infanto Juvenil m\u00e1s grandes del pa\u00eds, con sedes en los hospitales Escuela de Salud Mental de Paran\u00e1, Felipe Heras de Concordia y Centenario de Gualeguaych\u00fa &nbsp; &nbsp; El gobierno entrerriano tom\u00f3 la determinaci\u00f3n de sostener con recursos propios, durante&#8230;<\/p>\n","protected":false},"author":3,"featured_media":107812,"comment_status":"closed","ping_status":"closed","sticky":false,"template":"","format":"standard","meta":[],"categories":[15],"tags":[],"_links":{"self":[{"href":"https:\/\/www.actualidadadiario.com\/index.php\/wp-json\/wp\/v2\/posts\/127221"}],"collection":[{"href":"https:\/\/www.actualidadadiario.com\/index.php\/wp-json\/wp\/v2\/posts"}],"about":[{"href":"https:\/\/www.actualidadadiario.com\/index.php\/wp-json\/wp\/v2\/types\/post"}],"author":[{"embeddable":true,"href":"https:\/\/www.actualidadadiario.com\/index.php\/wp-json\/wp\/v2\/users\/3"}],"replies":[{"embeddable":true,"href":"https:\/\/www.actualidadadiario.com\/index.php\/wp-json\/wp\/v2\/comments?post=127221"}],"version-history":[{"count":1,"href":"https:\/\/www.actualidadadiario.com\/index.php\/wp-json\/wp\/v2\/posts\/127221\/revisions"}],"predecessor-version":[{"id":127222,"href":"https:\/\/www.actualidadadiario.com\/index.php\/wp-json\/wp\/v2\/posts\/127221\/revisions\/127222"}],"wp:featuredmedia":[{"embeddable":true,"href":"https:\/\/www.actualidadadiario.com\/index.php\/wp-json\/wp\/v2\/media\/107812"}],"wp:attachment":[{"href":"https:\/\/www.actualidadadiario.com\/index.php\/wp-json\/wp\/v2\/media?parent=127221"}],"wp:term":[{"taxonomy":"category","embeddable":true,"href":"https:\/\/www.actualidadadiario.com\/index.php\/wp-json\/wp\/v2\/categories?post=127221"},{"taxonomy":"post_tag","embeddable":true,"href":"https:\/\/www.actualidadadiario.com\/index.php\/wp-json\/wp\/v2\/tags?post=127221"}],"curies":[{"name":"wp","href":"https:\/\/api.w.org\/{rel}","templated":true}]}}