{"id":127218,"date":"2025-04-15T11:46:41","date_gmt":"2025-04-15T14:46:41","guid":{"rendered":"https:\/\/www.actualidadadiario.com\/?p=127218"},"modified":"2025-04-15T11:46:41","modified_gmt":"2025-04-15T14:46:41","slug":"libro-de-pases-abierto-bisogni-ex-intendente-peronista-se-incorpora-al-gobierno-de-frigerio","status":"publish","type":"post","link":"https:\/\/www.actualidadadiario.com\/index.php\/2025\/04\/15\/libro-de-pases-abierto-bisogni-ex-intendente-peronista-se-incorpora-al-gobierno-de-frigerio\/","title":{"rendered":"Libro de pases abierto: Bisogni, ex intendente peronista, se incorpora al gobierno de Frigerio"},"content":{"rendered":"<p style=\"text-align: center;\"><em><strong>El ministro de Gobierno y Trabajo, Manuel Troncoso, confirm\u00f3 la incorporaci\u00f3n del referente peronista de Concepci\u00f3n del Uruguay, Marcelo Bisogni. El funcionario destac\u00f3 \u201cla vocaci\u00f3n pol\u00edtica que tiene esta gesti\u00f3n de ampliar el espacio de gobierno, incorporando dirigentes de diversos sectores, incluidos referentes del peronismo no kirchnerista y del vecinalismo, siempre que compartan la premisa de no volver al pasado\u201d<\/strong><\/em><\/p>\n<p>&nbsp;<\/p>\n<p>&nbsp;<\/p>\n<p>&nbsp;<\/p>\n<p>El ministro de Gobierno y Trabajo, Manuel Troncoso, confirm\u00f3 la incorporaci\u00f3n de Marcelo Bisogni, referente de Concepci\u00f3n del Uruguay, como integrante del directorio de la Comisi\u00f3n Administradora de Fondos Excedentes de Salto Grande (Cafesg).<\/p>\n<p>En una entrevista radial el ministro resalt\u00f3 la vocaci\u00f3n pol\u00edtica que tiene esta gesti\u00f3n de ampliar el espacio de gobierno, incorporando dirigentes \u201cde diversos sectores, incluidos referentes del peronismo no kirchnerista y del vecinalismo, siempre que compartan la premisa de no volver al pasado\u201d.<\/p>\n<p>En este sentido mencion\u00f3 la inminente incorporaci\u00f3n de Marcelo Bisogni (intendente de Concepci\u00f3n del Uruguay de 2003 al 2011) al directorio de la Cafesg y de otras figuras del PJ como Alfredo Francolini y Eduardo Asueta. \u201cEsto se debe al desarrollo de v\u00ednculos de confianza que permiten fortalecer la gesti\u00f3n\u201d, remarc\u00f3.<\/p>\n<p>\u201cEsto de ning\u00fan modo implica una ampliaci\u00f3n de las estructuras del Estado, ni un reparto de cargos, sino que es un claro ejemplo del crecimiento democr\u00e1tico al que debemos apostar para fortalecer las instituciones y alcanzar consensos que trasciendan lo sectorial\u201d, puntualiz\u00f3 el funcionario, seg\u00fan public\u00f3 An\u00e1lisis.<\/p>\n","protected":false},"excerpt":{"rendered":"<p>El ministro de Gobierno y Trabajo, Manuel Troncoso, confirm\u00f3 la incorporaci\u00f3n del referente peronista de Concepci\u00f3n del Uruguay, Marcelo Bisogni. El funcionario destac\u00f3 \u201cla vocaci\u00f3n pol\u00edtica que tiene esta gesti\u00f3n de ampliar el espacio de gobierno, incorporando dirigentes de diversos sectores, incluidos referentes del peronismo no kirchnerista y del vecinalismo, siempre que compartan la premisa de no volver al pasado\u201d &nbsp; &nbsp; &nbsp; El ministro de Gobierno y Trabajo, Manuel Troncoso, confirm\u00f3 la incorporaci\u00f3n de Marcelo Bisogni, referente de Concepci\u00f3n del Uruguay, como integrante del directorio de la Comisi\u00f3n Administradora&#8230;<\/p>\n","protected":false},"author":3,"featured_media":127219,"comment_status":"closed","ping_status":"closed","sticky":false,"template":"","format":"standard","meta":[],"categories":[15],"tags":[],"_links":{"self":[{"href":"https:\/\/www.actualidadadiario.com\/index.php\/wp-json\/wp\/v2\/posts\/127218"}],"collection":[{"href":"https:\/\/www.actualidadadiario.com\/index.php\/wp-json\/wp\/v2\/posts"}],"about":[{"href":"https:\/\/www.actualidadadiario.com\/index.php\/wp-json\/wp\/v2\/types\/post"}],"author":[{"embeddable":true,"href":"https:\/\/www.actualidadadiario.com\/index.php\/wp-json\/wp\/v2\/users\/3"}],"replies":[{"embeddable":true,"href":"https:\/\/www.actualidadadiario.com\/index.php\/wp-json\/wp\/v2\/comments?post=127218"}],"version-history":[{"count":1,"href":"https:\/\/www.actualidadadiario.com\/index.php\/wp-json\/wp\/v2\/posts\/127218\/revisions"}],"predecessor-version":[{"id":127220,"href":"https:\/\/www.actualidadadiario.com\/index.php\/wp-json\/wp\/v2\/posts\/127218\/revisions\/127220"}],"wp:featuredmedia":[{"embeddable":true,"href":"https:\/\/www.actualidadadiario.com\/index.php\/wp-json\/wp\/v2\/media\/127219"}],"wp:attachment":[{"href":"https:\/\/www.actualidadadiario.com\/index.php\/wp-json\/wp\/v2\/media?parent=127218"}],"wp:term":[{"taxonomy":"category","embeddable":true,"href":"https:\/\/www.actualidadadiario.com\/index.php\/wp-json\/wp\/v2\/categories?post=127218"},{"taxonomy":"post_tag","embeddable":true,"href":"https:\/\/www.actualidadadiario.com\/index.php\/wp-json\/wp\/v2\/tags?post=127218"}],"curies":[{"name":"wp","href":"https:\/\/api.w.org\/{rel}","templated":true}]}}