{"id":127215,"date":"2025-04-15T11:45:06","date_gmt":"2025-04-15T14:45:06","guid":{"rendered":"https:\/\/www.actualidadadiario.com\/?p=127215"},"modified":"2025-04-15T11:45:06","modified_gmt":"2025-04-15T14:45:06","slug":"reparacion-historica-intendentes-del-departamento-acordaron-realizar-un-reclamo-unificado-por-los-danos-de-la-represa-de-salto-grande","status":"publish","type":"post","link":"https:\/\/www.actualidadadiario.com\/index.php\/2025\/04\/15\/reparacion-historica-intendentes-del-departamento-acordaron-realizar-un-reclamo-unificado-por-los-danos-de-la-represa-de-salto-grande\/","title":{"rendered":"Reparaci\u00f3n hist\u00f3rica: Intendentes del departamento acordaron realizar un reclamo unificado por los da\u00f1os de la represa de Salto Grande"},"content":{"rendered":"<p style=\"text-align: center;\"><em><strong>Ayer, el intendente de la ciudad de Federaci\u00f3n, Ricardo Bravo, volvi\u00f3 a encabezar una importante reuni\u00f3n para seguir avanzando en el hist\u00f3rico reclamo por los da\u00f1os ocasionados por la represa de Salto Grande. El encuentro tuvo como objetivo central acordar una estrategia com\u00fan que permita trasladar el pedido al gobernador Rogelio Frigerio. Participaron los intendentes de Villa del Rosario, Vanina Perini; de Santa Ana, Rogelio Zanandrea; y de Chajar\u00ed, Marcelo Borghesan; legisladores provinciales, funcionarios de los municipios y concejales locales<\/strong><\/em><\/p>\n<p>&nbsp;<\/p>\n<p>&nbsp;<\/p>\n<p>Durante el encuentro se resolvi\u00f3 solicitar formalmente una audiencia con el mandatario provincial, para exponer la situaci\u00f3n y plantear la necesidad de una Reparaci\u00f3n Hist\u00f3rica para la regi\u00f3n, debido al impacto que signific\u00f3 la construcci\u00f3n del complejo hidroel\u00e9ctrico de Salto Grande.<\/p>\n<p>&nbsp;<\/p>\n<p><strong>Un reclamo con historia y respaldo pol\u00edtico<\/strong><\/p>\n<p>El pedido de reparaci\u00f3n hist\u00f3rica no es nuevo, pero cobra renovado impulso a partir de la convocatoria del intendente Ricardo Bravo, quien ha logrado articular el respaldo de distintos sectores pol\u00edticos e institucionales del departamento.<\/p>\n<p>El intendente remarc\u00f3 que se trata de una causa que trasciende partidos, ya que apunta a hacer justicia con una comunidad que debi\u00f3 ceder su territorio y sufrir consecuencias socioecon\u00f3micas y ambientales por el emplazamiento de una obra estrat\u00e9gica para el pa\u00eds.<\/p>\n<p>Desde el Municipio de Federaci\u00f3n destacaron la importancia de avanzar con una mesa de di\u00e1logo con el gobierno provincial y se mostraron optimistas respecto a una posible respuesta favorable del gobernador Frigerio.<\/p>\n<p>\u201cEsta es una lucha que nos pertenece a todos los federaenses. Con voluntad pol\u00edtica, unidad y gesti\u00f3n, podemos lograr que finalmente se reconozca lo que nos corresponde por derecho y por historia\u201d, expres\u00f3 Ricardo Bravo tras el encuentro.<\/p>\n","protected":false},"excerpt":{"rendered":"<p>Ayer, el intendente de la ciudad de Federaci\u00f3n, Ricardo Bravo, volvi\u00f3 a encabezar una importante reuni\u00f3n para seguir avanzando en el hist\u00f3rico reclamo por los da\u00f1os ocasionados por la represa de Salto Grande. El encuentro tuvo como objetivo central acordar una estrategia com\u00fan que permita trasladar el pedido al gobernador Rogelio Frigerio. Participaron los intendentes de Villa del Rosario, Vanina Perini; de Santa Ana, Rogelio Zanandrea; y de Chajar\u00ed, Marcelo Borghesan; legisladores provinciales, funcionarios de los municipios y concejales locales &nbsp; &nbsp; Durante el encuentro se resolvi\u00f3 solicitar formalmente una&#8230;<\/p>\n","protected":false},"author":3,"featured_media":127216,"comment_status":"closed","ping_status":"closed","sticky":false,"template":"","format":"standard","meta":[],"categories":[15],"tags":[],"_links":{"self":[{"href":"https:\/\/www.actualidadadiario.com\/index.php\/wp-json\/wp\/v2\/posts\/127215"}],"collection":[{"href":"https:\/\/www.actualidadadiario.com\/index.php\/wp-json\/wp\/v2\/posts"}],"about":[{"href":"https:\/\/www.actualidadadiario.com\/index.php\/wp-json\/wp\/v2\/types\/post"}],"author":[{"embeddable":true,"href":"https:\/\/www.actualidadadiario.com\/index.php\/wp-json\/wp\/v2\/users\/3"}],"replies":[{"embeddable":true,"href":"https:\/\/www.actualidadadiario.com\/index.php\/wp-json\/wp\/v2\/comments?post=127215"}],"version-history":[{"count":1,"href":"https:\/\/www.actualidadadiario.com\/index.php\/wp-json\/wp\/v2\/posts\/127215\/revisions"}],"predecessor-version":[{"id":127217,"href":"https:\/\/www.actualidadadiario.com\/index.php\/wp-json\/wp\/v2\/posts\/127215\/revisions\/127217"}],"wp:featuredmedia":[{"embeddable":true,"href":"https:\/\/www.actualidadadiario.com\/index.php\/wp-json\/wp\/v2\/media\/127216"}],"wp:attachment":[{"href":"https:\/\/www.actualidadadiario.com\/index.php\/wp-json\/wp\/v2\/media?parent=127215"}],"wp:term":[{"taxonomy":"category","embeddable":true,"href":"https:\/\/www.actualidadadiario.com\/index.php\/wp-json\/wp\/v2\/categories?post=127215"},{"taxonomy":"post_tag","embeddable":true,"href":"https:\/\/www.actualidadadiario.com\/index.php\/wp-json\/wp\/v2\/tags?post=127215"}],"curies":[{"name":"wp","href":"https:\/\/api.w.org\/{rel}","templated":true}]}}