{"id":127208,"date":"2025-04-14T14:25:48","date_gmt":"2025-04-14T17:25:48","guid":{"rendered":"https:\/\/www.actualidadadiario.com\/?p=127208"},"modified":"2025-04-14T14:25:48","modified_gmt":"2025-04-14T17:25:48","slug":"apriete-de-milei-al-campo-en-junio-vuelven-las-retenciones-asi-que-mejor-que-se-apuren-a-liquidar","status":"publish","type":"post","link":"https:\/\/www.actualidadadiario.com\/index.php\/2025\/04\/14\/apriete-de-milei-al-campo-en-junio-vuelven-las-retenciones-asi-que-mejor-que-se-apuren-a-liquidar\/","title":{"rendered":"Apriete de Milei al campo: &#8220;En junio vuelven las retenciones, as\u00ed que mejor que se apuren a liquidar&#8221;"},"content":{"rendered":"<p style=\"text-align: center;\"><em><strong>\u201cA las exportaciones tradicionales se las hemos bajado, dijimos que eran transitorios&#8221;, advirti\u00f3 el presidente<\/strong><\/em><\/p>\n<p>&nbsp;<\/p>\n<p>&nbsp;<\/p>\n<p>El presidente Javier Milei encendi\u00f3 las alarmas en su relaci\u00f3n con el campo. El mandatario anunci\u00f3 que a fines de junio se termina el esquema de reducci\u00f3n temporal de retenciones.<\/p>\n<p>\u201cA las exportaciones tradicionales se las hemos bajado, vuelven en junio. Dijimos que eran transitorias, as\u00ed que si el campo tiene que liquidar, que lo hagan ahora porque en junio vuelven las retenciones\u201d, advirti\u00f3 Milei en declaraciones a El Observador FM.<\/p>\n<p>\u201cBajamos 13 impuestos, el m\u00e1s significativo fue el impuesto inflacionario que fueron 15 puntos del PBI. Tambi\u00e9n sacamos el impuesto PAIS\u201d, destac\u00f3.<\/p>\n<p>Por otra parte, el Presidente admiti\u00f3 que el repunte de la inflaci\u00f3n a 3,7% en marzo es un &#8220;mal dato&#8221;, pero afirm\u00f3 que es consecuencia de la estacionalidad que tiene el mes particularmente por el tema educaci\u00f3n.<\/p>\n<p>&#8220;Tuvimos un mal marzo, pero abril ser\u00e1 mejor. A partir de mitad de a\u00f1o va a empezar a perforar el 1% mensual y va a tender a 0. Para mitad del a\u00f1o que viene se termin\u00f3 el problema de la inflaci\u00f3n argentina&#8221; asegur\u00f3.<\/p>\n<p>Adem\u00e1s, destac\u00f3 la liberaci\u00f3n del cepo. \u201cHoy es un d\u00eda muy importante porque somos m\u00e1s libres, hemos roto otra cadena m\u00e1s, la m\u00e1s pesada y dif\u00edcil, este cepo que se puso durante el final del gobierno de Macri con Hern\u00e1n Lacunza, generando un monstruo cambiario que adem\u00e1s defaulte\u00f3 la deuda en pesos\u201d, asever\u00f3.<\/p>\n","protected":false},"excerpt":{"rendered":"<p>\u201cA las exportaciones tradicionales se las hemos bajado, dijimos que eran transitorios&#8221;, advirti\u00f3 el presidente &nbsp; &nbsp; El presidente Javier Milei encendi\u00f3 las alarmas en su relaci\u00f3n con el campo. El mandatario anunci\u00f3 que a fines de junio se termina el esquema de reducci\u00f3n temporal de retenciones. \u201cA las exportaciones tradicionales se las hemos bajado, vuelven en junio. Dijimos que eran transitorias, as\u00ed que si el campo tiene que liquidar, que lo hagan ahora porque en junio vuelven las retenciones\u201d, advirti\u00f3 Milei en declaraciones a El Observador FM. \u201cBajamos 13&#8230;<\/p>\n","protected":false},"author":3,"featured_media":126865,"comment_status":"closed","ping_status":"closed","sticky":false,"template":"","format":"standard","meta":[],"categories":[18],"tags":[],"_links":{"self":[{"href":"https:\/\/www.actualidadadiario.com\/index.php\/wp-json\/wp\/v2\/posts\/127208"}],"collection":[{"href":"https:\/\/www.actualidadadiario.com\/index.php\/wp-json\/wp\/v2\/posts"}],"about":[{"href":"https:\/\/www.actualidadadiario.com\/index.php\/wp-json\/wp\/v2\/types\/post"}],"author":[{"embeddable":true,"href":"https:\/\/www.actualidadadiario.com\/index.php\/wp-json\/wp\/v2\/users\/3"}],"replies":[{"embeddable":true,"href":"https:\/\/www.actualidadadiario.com\/index.php\/wp-json\/wp\/v2\/comments?post=127208"}],"version-history":[{"count":1,"href":"https:\/\/www.actualidadadiario.com\/index.php\/wp-json\/wp\/v2\/posts\/127208\/revisions"}],"predecessor-version":[{"id":127209,"href":"https:\/\/www.actualidadadiario.com\/index.php\/wp-json\/wp\/v2\/posts\/127208\/revisions\/127209"}],"wp:featuredmedia":[{"embeddable":true,"href":"https:\/\/www.actualidadadiario.com\/index.php\/wp-json\/wp\/v2\/media\/126865"}],"wp:attachment":[{"href":"https:\/\/www.actualidadadiario.com\/index.php\/wp-json\/wp\/v2\/media?parent=127208"}],"wp:term":[{"taxonomy":"category","embeddable":true,"href":"https:\/\/www.actualidadadiario.com\/index.php\/wp-json\/wp\/v2\/categories?post=127208"},{"taxonomy":"post_tag","embeddable":true,"href":"https:\/\/www.actualidadadiario.com\/index.php\/wp-json\/wp\/v2\/tags?post=127208"}],"curies":[{"name":"wp","href":"https:\/\/api.w.org\/{rel}","templated":true}]}}