{"id":127203,"date":"2025-04-14T14:24:14","date_gmt":"2025-04-14T17:24:14","guid":{"rendered":"https:\/\/www.actualidadadiario.com\/?p=127203"},"modified":"2025-04-14T14:24:14","modified_gmt":"2025-04-14T17:24:14","slug":"cgt-reunion-por-el-1ro-de-mayo-con-un-debate-inevitable-de-coyuntura","status":"publish","type":"post","link":"https:\/\/www.actualidadadiario.com\/index.php\/2025\/04\/14\/cgt-reunion-por-el-1ro-de-mayo-con-un-debate-inevitable-de-coyuntura\/","title":{"rendered":"CGT: reuni\u00f3n por el 1ro de mayo con un debate inevitable de coyuntura"},"content":{"rendered":"<p style=\"text-align: center;\"><em><strong>La nueva movilizaci\u00f3n de la central obrera se discute este martes, la devaluaci\u00f3n post FMI un tema obligado<\/strong><\/em><\/p>\n<p>&nbsp;<\/p>\n<p>&nbsp;<\/p>\n<p>En an\u00e1lisis de las recientes novedades con el marco de su \u00faltimo paro general todav\u00eda en el desgrane y en la zona tan temida de una nueva devaluaci\u00f3n la CGT debatir\u00e1 este martes en su sede de Azopardo. La agenda surge de memoria por el escenario econ\u00f3mico\/social y en rigor de todo lo acontecido desde el viernes m\u00e1s all\u00e1 de que esa central obrera tiene entre los temas convocantes su nueva movilizaci\u00f3n del 1 de Mayo, como hab\u00eda anticipado este diario.<\/p>\n<p>El triunviro H\u00e9ctor Daer le confirm\u00f3 que el martes se reunir\u00e1 el consejo directivo cegetista para planificar y organizar la jornada del D\u00eda de los Trabajadores, seg\u00fan se acord\u00f3 en ese seno.<\/p>\n<p>Es inevitable considerar que los ecos del acuerdo con el FMI, como la corroboraci\u00f3n de los datos que plasmaron para fundamentar el reciente paro, desde la partitura b\u00e1sica de \u201csalarios a la baja y precios liberados\u201d, condimentados con la pauta salarial que en algunos casos, como el de los choferes nucleados en la UTA ser\u00e1 0 (cero) % al menos hasta junio, el debate se mantiene abierto en los sindicatos confederados como en otras centrales.<\/p>\n<p>Vale recordar que adem\u00e1s de las 36 horas de actividad sindical (movilizaci\u00f3n con los jubilados el 9 y el paro general del 10) que la central obrera refrend\u00f3 la semana pasada, tambi\u00e9n con la votaci\u00f3n de su consejo directivo, el adjunto cegetista Andr\u00e9s Rodr\u00edguez (UPCN) hab\u00eda manifestado que la din\u00e1mica en las calles no tendr\u00e1 pausas.<\/p>\n<p>\u201cCuando llegue el 1 de mayo, el D\u00eda del Trabajador, tambi\u00e9n vamos a hacer una movilizaci\u00f3n masiva en la Ciudad de Buenos Aires\u201d, hab\u00eda dicho el sindicalista estatal a la hora de calificar tambi\u00e9n al gobierno libertario como \u201cantisindical y antilaboral\u201d.<\/p>\n","protected":false},"excerpt":{"rendered":"<p>La nueva movilizaci\u00f3n de la central obrera se discute este martes, la devaluaci\u00f3n post FMI un tema obligado &nbsp; &nbsp; En an\u00e1lisis de las recientes novedades con el marco de su \u00faltimo paro general todav\u00eda en el desgrane y en la zona tan temida de una nueva devaluaci\u00f3n la CGT debatir\u00e1 este martes en su sede de Azopardo. La agenda surge de memoria por el escenario econ\u00f3mico\/social y en rigor de todo lo acontecido desde el viernes m\u00e1s all\u00e1 de que esa central obrera tiene entre los temas convocantes su&#8230;<\/p>\n","protected":false},"author":3,"featured_media":126992,"comment_status":"closed","ping_status":"closed","sticky":false,"template":"","format":"standard","meta":[],"categories":[18],"tags":[],"_links":{"self":[{"href":"https:\/\/www.actualidadadiario.com\/index.php\/wp-json\/wp\/v2\/posts\/127203"}],"collection":[{"href":"https:\/\/www.actualidadadiario.com\/index.php\/wp-json\/wp\/v2\/posts"}],"about":[{"href":"https:\/\/www.actualidadadiario.com\/index.php\/wp-json\/wp\/v2\/types\/post"}],"author":[{"embeddable":true,"href":"https:\/\/www.actualidadadiario.com\/index.php\/wp-json\/wp\/v2\/users\/3"}],"replies":[{"embeddable":true,"href":"https:\/\/www.actualidadadiario.com\/index.php\/wp-json\/wp\/v2\/comments?post=127203"}],"version-history":[{"count":1,"href":"https:\/\/www.actualidadadiario.com\/index.php\/wp-json\/wp\/v2\/posts\/127203\/revisions"}],"predecessor-version":[{"id":127204,"href":"https:\/\/www.actualidadadiario.com\/index.php\/wp-json\/wp\/v2\/posts\/127203\/revisions\/127204"}],"wp:featuredmedia":[{"embeddable":true,"href":"https:\/\/www.actualidadadiario.com\/index.php\/wp-json\/wp\/v2\/media\/126992"}],"wp:attachment":[{"href":"https:\/\/www.actualidadadiario.com\/index.php\/wp-json\/wp\/v2\/media?parent=127203"}],"wp:term":[{"taxonomy":"category","embeddable":true,"href":"https:\/\/www.actualidadadiario.com\/index.php\/wp-json\/wp\/v2\/categories?post=127203"},{"taxonomy":"post_tag","embeddable":true,"href":"https:\/\/www.actualidadadiario.com\/index.php\/wp-json\/wp\/v2\/tags?post=127203"}],"curies":[{"name":"wp","href":"https:\/\/api.w.org\/{rel}","templated":true}]}}