{"id":127199,"date":"2025-04-14T14:23:12","date_gmt":"2025-04-14T17:23:12","guid":{"rendered":"https:\/\/www.actualidadadiario.com\/?p=127199"},"modified":"2025-04-14T14:23:35","modified_gmt":"2025-04-14T17:23:35","slug":"santa-fe-quienes-son-los-69-convencionales-que-dejaron-conformada-la-constitucion-provincial","status":"publish","type":"post","link":"https:\/\/www.actualidadadiario.com\/index.php\/2025\/04\/14\/santa-fe-quienes-son-los-69-convencionales-que-dejaron-conformada-la-constitucion-provincial\/","title":{"rendered":"Santa Fe: qui\u00e9nes son los 69 convencionales que dejaron conformada la Constituci\u00f3n provincial"},"content":{"rendered":"<p style=\"text-align: center;\"><em><strong>Tras las elecciones primarias en Santa Fe, ya se conoce qui\u00e9nes ser\u00e1n los 55 integrantes de la Convenci\u00f3n Constituyente que tendr\u00e1 a su cargo el an\u00e1lisis y la eventual reforma de la Constituci\u00f3n Provincial, en el marco de la convocatoria realizada para este a\u00f1o. El listado completo de quienes conformar\u00e1n la Convenci\u00f3n constituyente, agrupados por fuerza pol\u00edtica. Todos los nombres<\/strong><\/em><\/p>\n<p>&nbsp;<\/p>\n<p>&nbsp;<\/p>\n<p>Tras las elecciones primarias en Santa Fe, ya se conoce qui\u00e9nes ser\u00e1n los 55 integrantes de la Convenci\u00f3n Constituyente que tendr\u00e1 a su cargo el an\u00e1lisis y la eventual reforma de la Constituci\u00f3n Provincial, en el marco de la convocatoria realizada para este a\u00f1o.<\/p>\n<p>Con un amplio triunfo, el oficialismo representado por Unidos para Cambiar Santa Fe logr\u00f3 imponerse con claridad y asegur\u00f3 33 bancas, encabezadas por el propio gobernador Maximiliano Pullaro. En segundo lugar se ubic\u00f3 el frente M\u00e1s para Santa Fe, con 12 convencionales. En tanto, La Libertad Avanza obtuvo 10 esca\u00f1os. Tambi\u00e9n lograron representaci\u00f3n Somos Vida y Libertad, Activemos y el Frente de la Esperanza.<\/p>\n<ul>\n<li><strong>Unidos:<\/strong> Maximiliano Pullaro, Germana Figueroa Casas; Lionella Cattalini, Lucas Galdeano, Josefina Del R\u00edo, Rodolfo Giacosa, Daiana Gallo, Cristian Cunha, Victoria Tejeda, Joaqu\u00edn Blanco, Fabi\u00e1n Bastia, Claudia Levin, Walter Ghione, Katia Passarino, Pablo Far\u00edas, Mar\u00eda S\u00e1nchez Lecumberri, Lucas Incicco, Luc\u00eda Masneri, Gino Svegliatti y Gisel Mahmud.Lisandro Enrico, Germ\u00e1n Giacomino, Mauricio Maroevich, Hugo Rasetto, Leonardo Diana, Esteban Motta, Julio Garibaldi,Germ\u00e1n Baumgartner, Rodrigo Borla, Felipe Michlig, Oscar Dolzani, Orfilio Marc\u00f3n, Ra\u00fal Gramajo<\/li>\n<\/ul>\n<ul>\n<li><strong>La Libertad Avanza:<\/strong> Nicol\u00e1s Mayoraz, Candela Rodr\u00edguez, Marcos Peyrano, Beatriz Browver, Froil\u00e1n Ravena, Gabriela Mart\u00ednez, N\u00e9stor Fandoz y Agustina Vidal. Juan Aleart, Javier Meyer<\/li>\n<li><strong>M\u00e1s para Santa Fe:<\/strong> Juan Monteverde, Alejandra Rodenas, Diego Giuliano, Lucila De Ponti, Pablo Corsalini, Jaquelina Balangione, Facundo Olivera y Patricia Boni. Hugo Sosa, Armando Traferri, Alcides Calvo y Rub\u00e9n Pirola.<\/li>\n<li><strong>Somos Vida y Libertad:<\/strong> Amalia Granata, Juan Arga\u00f1araz, Silvia Malfesi, Emiliano Peralta, Lucila Lehmann, Jos\u00e9 Machado y Alicia Azanza.<\/li>\n<li><strong>Activemos:<\/strong> Marcelo Lewandoski, Mar\u00eda Capocetti, Rub\u00e9n Giustiniani y Mar\u00eda Mart\u00ednez<\/li>\n<li><strong>Frente de la Esperanza:<\/strong> Alejandra Oliveras, Ariel Sclafani y Caren Fruh<\/li>\n<\/ul>\n","protected":false},"excerpt":{"rendered":"<p>Tras las elecciones primarias en Santa Fe, ya se conoce qui\u00e9nes ser\u00e1n los 55 integrantes de la Convenci\u00f3n Constituyente que tendr\u00e1 a su cargo el an\u00e1lisis y la eventual reforma de la Constituci\u00f3n Provincial, en el marco de la convocatoria realizada para este a\u00f1o. El listado completo de quienes conformar\u00e1n la Convenci\u00f3n constituyente, agrupados por fuerza pol\u00edtica. Todos los nombres &nbsp; &nbsp; Tras las elecciones primarias en Santa Fe, ya se conoce qui\u00e9nes ser\u00e1n los 55 integrantes de la Convenci\u00f3n Constituyente que tendr\u00e1 a su cargo el an\u00e1lisis y la&#8230;<\/p>\n","protected":false},"author":3,"featured_media":127200,"comment_status":"closed","ping_status":"closed","sticky":false,"template":"","format":"standard","meta":[],"categories":[18],"tags":[],"_links":{"self":[{"href":"https:\/\/www.actualidadadiario.com\/index.php\/wp-json\/wp\/v2\/posts\/127199"}],"collection":[{"href":"https:\/\/www.actualidadadiario.com\/index.php\/wp-json\/wp\/v2\/posts"}],"about":[{"href":"https:\/\/www.actualidadadiario.com\/index.php\/wp-json\/wp\/v2\/types\/post"}],"author":[{"embeddable":true,"href":"https:\/\/www.actualidadadiario.com\/index.php\/wp-json\/wp\/v2\/users\/3"}],"replies":[{"embeddable":true,"href":"https:\/\/www.actualidadadiario.com\/index.php\/wp-json\/wp\/v2\/comments?post=127199"}],"version-history":[{"count":2,"href":"https:\/\/www.actualidadadiario.com\/index.php\/wp-json\/wp\/v2\/posts\/127199\/revisions"}],"predecessor-version":[{"id":127202,"href":"https:\/\/www.actualidadadiario.com\/index.php\/wp-json\/wp\/v2\/posts\/127199\/revisions\/127202"}],"wp:featuredmedia":[{"embeddable":true,"href":"https:\/\/www.actualidadadiario.com\/index.php\/wp-json\/wp\/v2\/media\/127200"}],"wp:attachment":[{"href":"https:\/\/www.actualidadadiario.com\/index.php\/wp-json\/wp\/v2\/media?parent=127199"}],"wp:term":[{"taxonomy":"category","embeddable":true,"href":"https:\/\/www.actualidadadiario.com\/index.php\/wp-json\/wp\/v2\/categories?post=127199"},{"taxonomy":"post_tag","embeddable":true,"href":"https:\/\/www.actualidadadiario.com\/index.php\/wp-json\/wp\/v2\/tags?post=127199"}],"curies":[{"name":"wp","href":"https:\/\/api.w.org\/{rel}","templated":true}]}}