{"id":127187,"date":"2025-04-14T13:06:25","date_gmt":"2025-04-14T16:06:25","guid":{"rendered":"https:\/\/www.actualidadadiario.com\/?p=127187"},"modified":"2025-04-14T13:06:25","modified_gmt":"2025-04-14T16:06:25","slug":"milei-anuncio-el-fin-del-dolar-oficial-tras-la-salida-del-cepo-hoy-somos-mas-libres","status":"publish","type":"post","link":"https:\/\/www.actualidadadiario.com\/index.php\/2025\/04\/14\/milei-anuncio-el-fin-del-dolar-oficial-tras-la-salida-del-cepo-hoy-somos-mas-libres\/","title":{"rendered":"Milei anunci\u00f3 el fin del d\u00f3lar oficial, tras la salida del cepo: &#8220;Hoy somos m\u00e1s libres&#8221;"},"content":{"rendered":"<p style=\"text-align: center;\"><em><strong>Javier Milei apunt\u00f3 contra la gesti\u00f3n de Mauricio Macri y el kirchnerismo por haber generado un \u201cmonstruo\u201d en el mercado de divisas<\/strong><\/em><\/p>\n<p>&nbsp;<\/p>\n<p>&nbsp;<\/p>\n<p>El presidente Javier Milei confirm\u00f3 este lunes la eliminaci\u00f3n del d\u00f3lar oficial y la implementaci\u00f3n de un tipo de cambio \u00fanico regido por el mercado, en el marco del nuevo esquema de bandas cambiarias que oscilar\u00e1n entre los $1.000 y $1.400. Adem\u00e1s, celebr\u00f3 el levantamiento del cepo cambiario, al que defini\u00f3 como &#8220;la cadena m\u00e1s pesada&#8221; que quedaba por romper en el camino hacia la libertad econ\u00f3mica.<\/p>\n<p>&#8220;Desde hoy, ya no existe el d\u00f3lar oficial. Tenemos un solo tipo de cambio, el que marca el mercado&#8221;, declar\u00f3 el mandatario, y denunci\u00f3 haber recibido &#8220;ataques especulativos&#8221; que auguraban un valor del d\u00f3lar paralelo de hasta $3.000.<\/p>\n<p>&nbsp;<\/p>\n<p><strong>Fin del cepo cambiario<\/strong><\/p>\n<p>En di\u00e1logo con Radio El Observador, Milei remarc\u00f3 la importancia del anuncio y cuestion\u00f3 duramente a las gestiones anteriores por la implementaci\u00f3n y mantenimiento del cepo. &#8220;Estamos ante un d\u00eda hist\u00f3rico, porque hemos eliminado otra traba a la libertad. Este cepo fue instaurado hacia el final del mandato de Mauricio Macri por el entonces ministro Hern\u00e1n Lacunza, quien adem\u00e1s defaulte\u00f3 la deuda en pesos bajo el eufemismo del reperfilamiento&#8221;, se\u00f1al\u00f3.<\/p>\n<p>El presidente tambi\u00e9n apunt\u00f3 contra el kirchnerismo, al que acus\u00f3 de haber profundizado las restricciones cambiarias: \u201cConvirtieron el cepo en algo tan extremo que hac\u00edan que Alcatraz pareciera un parque de diversiones\u201d.<\/p>\n<p>&nbsp;<\/p>\n<p><strong>Milei celebr\u00f3 el acuerdo con el FMI<\/strong><\/p>\n<p>En un giro hacia la historia reciente, Milei tambi\u00e9n destac\u00f3 que, bajo su gobierno, se logr\u00f3 un acuerdo in\u00e9dito con el FMI para la recapitalizaci\u00f3n del BCRA, lo que marca un hito en las relaciones entre el pa\u00eds y el organismo internacional. &#8220;Le planteamos al FMI la recapitalizaci\u00f3n del BCRA con un acuerdo que es totalmente diferente al de otros pa\u00edses. Este acuerdo no es para financiar al fisco, sino para fortalecer al BCRA&#8221;, se\u00f1al\u00f3.<\/p>\n<p>Milei tambi\u00e9n enfatiz\u00f3 el \u00e9xito del programa econ\u00f3mico implementado, destacando que &#8220;sobrecumplimos todas las metas que nos pidi\u00f3 el FMI&#8221;. Seg\u00fan el presidente, muchos especialistas consideraban &#8220;imposible&#8221; alcanzar el d\u00e9ficit cero, pero el gobierno lo logr\u00f3, desafiando pron\u00f3sticos. Adem\u00e1s, denunci\u00f3 que los ataques especulativos no cesaron: &#8220;Dec\u00edan que el d\u00f3lar iba a llegar a 3.000 pesos, pero esto no lo vieron nunca en su vida. Esta es la gran diferencia de este programa con todos los otros&#8221;.<\/p>\n<p>El presidente tambi\u00e9n critic\u00f3 la falta de previsi\u00f3n y las acciones de algunos actores pol\u00edticos que, seg\u00fan \u00e9l, buscaron generar inestabilidad. &#8220;La pol\u00edtica apost\u00f3 contra el Gobierno durante un mes y medio, envenenaron la sangre a toda la poblaci\u00f3n&#8221;, asever\u00f3, refiri\u00e9ndose a la oposici\u00f3n y figuras como Domingo Felipe Cavallo. &#8220;Vienen err\u00e1ndole sistem\u00e1ticamente, tendr\u00edan que reconocer sus errores y pedir disculpas&#8221;, sentenci\u00f3.<\/p>\n","protected":false},"excerpt":{"rendered":"<p>Javier Milei apunt\u00f3 contra la gesti\u00f3n de Mauricio Macri y el kirchnerismo por haber generado un \u201cmonstruo\u201d en el mercado de divisas &nbsp; &nbsp; El presidente Javier Milei confirm\u00f3 este lunes la eliminaci\u00f3n del d\u00f3lar oficial y la implementaci\u00f3n de un tipo de cambio \u00fanico regido por el mercado, en el marco del nuevo esquema de bandas cambiarias que oscilar\u00e1n entre los $1.000 y $1.400. Adem\u00e1s, celebr\u00f3 el levantamiento del cepo cambiario, al que defini\u00f3 como &#8220;la cadena m\u00e1s pesada&#8221; que quedaba por romper en el camino hacia la libertad&#8230;<\/p>\n","protected":false},"author":3,"featured_media":124723,"comment_status":"closed","ping_status":"closed","sticky":false,"template":"","format":"standard","meta":[],"categories":[9],"tags":[],"_links":{"self":[{"href":"https:\/\/www.actualidadadiario.com\/index.php\/wp-json\/wp\/v2\/posts\/127187"}],"collection":[{"href":"https:\/\/www.actualidadadiario.com\/index.php\/wp-json\/wp\/v2\/posts"}],"about":[{"href":"https:\/\/www.actualidadadiario.com\/index.php\/wp-json\/wp\/v2\/types\/post"}],"author":[{"embeddable":true,"href":"https:\/\/www.actualidadadiario.com\/index.php\/wp-json\/wp\/v2\/users\/3"}],"replies":[{"embeddable":true,"href":"https:\/\/www.actualidadadiario.com\/index.php\/wp-json\/wp\/v2\/comments?post=127187"}],"version-history":[{"count":1,"href":"https:\/\/www.actualidadadiario.com\/index.php\/wp-json\/wp\/v2\/posts\/127187\/revisions"}],"predecessor-version":[{"id":127188,"href":"https:\/\/www.actualidadadiario.com\/index.php\/wp-json\/wp\/v2\/posts\/127187\/revisions\/127188"}],"wp:featuredmedia":[{"embeddable":true,"href":"https:\/\/www.actualidadadiario.com\/index.php\/wp-json\/wp\/v2\/media\/124723"}],"wp:attachment":[{"href":"https:\/\/www.actualidadadiario.com\/index.php\/wp-json\/wp\/v2\/media?parent=127187"}],"wp:term":[{"taxonomy":"category","embeddable":true,"href":"https:\/\/www.actualidadadiario.com\/index.php\/wp-json\/wp\/v2\/categories?post=127187"},{"taxonomy":"post_tag","embeddable":true,"href":"https:\/\/www.actualidadadiario.com\/index.php\/wp-json\/wp\/v2\/tags?post=127187"}],"curies":[{"name":"wp","href":"https:\/\/api.w.org\/{rel}","templated":true}]}}