{"id":127176,"date":"2025-04-14T11:17:13","date_gmt":"2025-04-14T14:17:13","guid":{"rendered":"https:\/\/www.actualidadadiario.com\/?p=127176"},"modified":"2025-04-14T11:19:00","modified_gmt":"2025-04-14T14:19:00","slug":"upcn-pide-a-la-provincia-que-salga-en-defensa-de-las-residencias-en-salud-mental-ante-recorte-nacional","status":"publish","type":"post","link":"https:\/\/www.actualidadadiario.com\/index.php\/2025\/04\/14\/upcn-pide-a-la-provincia-que-salga-en-defensa-de-las-residencias-en-salud-mental-ante-recorte-nacional\/","title":{"rendered":"Ante el recorte nacional en salud mental, UPCN pide a la provincia que intervenga"},"content":{"rendered":"<p style=\"text-align: center;\"><em><strong>Desde la seccional Entre R\u00edos de la Uni\u00f3n del Personal Civil de la Naci\u00f3n (UPCN) expresaron su rechazo a la decisi\u00f3n del gobierno nacional de eliminar el financiamiento a las Residencias Interdisciplinarias en Salud Mental (RISaM-RISaMC) para el ciclo 2025<\/strong><\/em><\/p>\n<p>&nbsp;<\/p>\n<p>&nbsp;<\/p>\n<p>\u201cEsta medida no solo atenta contra la formaci\u00f3n de profesionales en salud mental, sino que golpea de lleno al sistema p\u00fablico de salud\u201d, declararon, haciendo notar que a nivel provincial funcionan tres sedes de estas residencias en Paran\u00e1, Concordia y Gualeguaych\u00fa, a cargo del Hospital Escuela de Salud Mental. \u201cLa mitad de las becas est\u00e1n sostenidas por Naci\u00f3n y el impacto es directo\u201d, indicaron.<\/p>\n<p>Al considerar que \u201cno es una medida aislada\u201d, la entidad gremial la ubic\u00f3 como parte de \u201cuna pol\u00edtica nacional que desmantela programas, despide trabajadores, desfinancia prestaciones y ahora recorta formaci\u00f3n\u201d. \u201cTodo en contradicci\u00f3n abierta con la Ley Nacional de Salud Mental N\u00ba 26.657, que promueve la atenci\u00f3n interdisciplinaria e integrada en la comunidad\u201d, se\u00f1alaron.<\/p>\n<p>En una advertencia contundente sobre el impacto de la medida, sentenciaron: \u201cLo decimos con claridad: sin equipos formados, no hay salud mental posible. Y sin salud mental, no hay salud\u201d.<\/p>\n<p>Dirigi\u00e9ndose a las autoridades provinciales, desde UPCN manifestaron con firmeza que \u201cno alcanza con gestionar lo que queda, es momento de defender lo que est\u00e1 siendo desmantelado\u201d. \u201cLo que est\u00e1 en riesgo no son solo programas, son derechos conquistados y pol\u00edticas p\u00fablicas que sostienen la salud en los territorios\u201d, concluyeron.<\/p>\n","protected":false},"excerpt":{"rendered":"<p>Desde la seccional Entre R\u00edos de la Uni\u00f3n del Personal Civil de la Naci\u00f3n (UPCN) expresaron su rechazo a la decisi\u00f3n del gobierno nacional de eliminar el financiamiento a las Residencias Interdisciplinarias en Salud Mental (RISaM-RISaMC) para el ciclo 2025 &nbsp; &nbsp; \u201cEsta medida no solo atenta contra la formaci\u00f3n de profesionales en salud mental, sino que golpea de lleno al sistema p\u00fablico de salud\u201d, declararon, haciendo notar que a nivel provincial funcionan tres sedes de estas residencias en Paran\u00e1, Concordia y Gualeguaych\u00fa, a cargo del Hospital Escuela de Salud&#8230;<\/p>\n","protected":false},"author":3,"featured_media":107812,"comment_status":"closed","ping_status":"closed","sticky":false,"template":"","format":"standard","meta":[],"categories":[15],"tags":[],"_links":{"self":[{"href":"https:\/\/www.actualidadadiario.com\/index.php\/wp-json\/wp\/v2\/posts\/127176"}],"collection":[{"href":"https:\/\/www.actualidadadiario.com\/index.php\/wp-json\/wp\/v2\/posts"}],"about":[{"href":"https:\/\/www.actualidadadiario.com\/index.php\/wp-json\/wp\/v2\/types\/post"}],"author":[{"embeddable":true,"href":"https:\/\/www.actualidadadiario.com\/index.php\/wp-json\/wp\/v2\/users\/3"}],"replies":[{"embeddable":true,"href":"https:\/\/www.actualidadadiario.com\/index.php\/wp-json\/wp\/v2\/comments?post=127176"}],"version-history":[{"count":2,"href":"https:\/\/www.actualidadadiario.com\/index.php\/wp-json\/wp\/v2\/posts\/127176\/revisions"}],"predecessor-version":[{"id":127179,"href":"https:\/\/www.actualidadadiario.com\/index.php\/wp-json\/wp\/v2\/posts\/127176\/revisions\/127179"}],"wp:featuredmedia":[{"embeddable":true,"href":"https:\/\/www.actualidadadiario.com\/index.php\/wp-json\/wp\/v2\/media\/107812"}],"wp:attachment":[{"href":"https:\/\/www.actualidadadiario.com\/index.php\/wp-json\/wp\/v2\/media?parent=127176"}],"wp:term":[{"taxonomy":"category","embeddable":true,"href":"https:\/\/www.actualidadadiario.com\/index.php\/wp-json\/wp\/v2\/categories?post=127176"},{"taxonomy":"post_tag","embeddable":true,"href":"https:\/\/www.actualidadadiario.com\/index.php\/wp-json\/wp\/v2\/tags?post=127176"}],"curies":[{"name":"wp","href":"https:\/\/api.w.org\/{rel}","templated":true}]}}