{"id":127174,"date":"2025-04-14T10:23:08","date_gmt":"2025-04-14T13:23:08","guid":{"rendered":"https:\/\/www.actualidadadiario.com\/?p=127174"},"modified":"2025-04-14T10:23:08","modified_gmt":"2025-04-14T13:23:08","slug":"la-semana-comienza-con-buen-tiempo-y-temperaturas-otonales-en-entre-rios","status":"publish","type":"post","link":"https:\/\/www.actualidadadiario.com\/index.php\/2025\/04\/14\/la-semana-comienza-con-buen-tiempo-y-temperaturas-otonales-en-entre-rios\/","title":{"rendered":"La semana comienza con buen tiempo y temperaturas oto\u00f1ales en Entre R\u00edos"},"content":{"rendered":"<p style=\"text-align: center;\"><em><strong>La ma\u00f1ana amaneci\u00f3 fresca, con m\u00ednimas de entre 9 y 10 grados. Se esperan m\u00e1ximas de hasta 26 grados en la provincia<\/strong><\/em><\/p>\n<p>&nbsp;<\/p>\n<p>&nbsp;<\/p>\n<p>El Servicio Meteorol\u00f3gico Nacional \u2013SMN\u2013 informa que Entre R\u00edos tendr\u00e1 este lunes 14 de abril una jornada con buen tiempo. Se prev\u00e9 un d\u00eda con escasa nubosidad y mayor presencia del sol.<\/p>\n<p>Las temperaturas comenzaron frescas, con m\u00ednimas que oscilan entre 9 y 10 grados. En tanto, las m\u00e1ximas se ubicar\u00e1n entre los 22 y 26 grados, dependiendo de las zonas.<\/p>\n<p>Durante toda la semana no hay anuncio de lluvias. La nubosidad ser\u00e1 variable en la provincia y las temperaturas m\u00e1ximas podr\u00edan oscilar hacia la baja en ocasiones.<\/p>\n<p>&nbsp;<\/p>\n<p><strong>Tiempo hoy<\/strong><\/p>\n<p>En Paran\u00e1, La Paz, Villaguay, Diamante y Nogoy\u00e1 la m\u00ednima ser\u00e1 de 10 grados y la m\u00e1xima alcanzar\u00e1 los 26 grados. En la capital y alrededores se espera una jornada con cielo parcialmente nublado.<\/p>\n<p>En Concordia, Federal, Feliciano, Federaci\u00f3n y San Salvador, en tanto, se aguarda una m\u00ednima de 9 grados y una m\u00e1xima de 26 grados. El cielo estar\u00e1 entre algo y parcialmente nublado.<\/p>\n<p>En Gualeguaych\u00fa, Col\u00f3n, Uruguay, Tala e Islas, se espera una m\u00ednima de 10 grados y una m\u00e1xima de 23 grados. Al igual que en las otras localidades, se prev\u00e9 un d\u00eda con sol y ligeramente nublado.<\/p>\n<p>Finalmente, en Victoria y Gualeguay anuncian 10 grados de m\u00ednima y 24 grados de m\u00e1xima, con cielo parcialmente nublado.<\/p>\n","protected":false},"excerpt":{"rendered":"<p>La ma\u00f1ana amaneci\u00f3 fresca, con m\u00ednimas de entre 9 y 10 grados. Se esperan m\u00e1ximas de hasta 26 grados en la provincia &nbsp; &nbsp; El Servicio Meteorol\u00f3gico Nacional \u2013SMN\u2013 informa que Entre R\u00edos tendr\u00e1 este lunes 14 de abril una jornada con buen tiempo. Se prev\u00e9 un d\u00eda con escasa nubosidad y mayor presencia del sol. Las temperaturas comenzaron frescas, con m\u00ednimas que oscilan entre 9 y 10 grados. En tanto, las m\u00e1ximas se ubicar\u00e1n entre los 22 y 26 grados, dependiendo de las zonas. Durante toda la semana no&#8230;<\/p>\n","protected":false},"author":3,"featured_media":103226,"comment_status":"closed","ping_status":"closed","sticky":false,"template":"","format":"standard","meta":[],"categories":[15],"tags":[],"_links":{"self":[{"href":"https:\/\/www.actualidadadiario.com\/index.php\/wp-json\/wp\/v2\/posts\/127174"}],"collection":[{"href":"https:\/\/www.actualidadadiario.com\/index.php\/wp-json\/wp\/v2\/posts"}],"about":[{"href":"https:\/\/www.actualidadadiario.com\/index.php\/wp-json\/wp\/v2\/types\/post"}],"author":[{"embeddable":true,"href":"https:\/\/www.actualidadadiario.com\/index.php\/wp-json\/wp\/v2\/users\/3"}],"replies":[{"embeddable":true,"href":"https:\/\/www.actualidadadiario.com\/index.php\/wp-json\/wp\/v2\/comments?post=127174"}],"version-history":[{"count":1,"href":"https:\/\/www.actualidadadiario.com\/index.php\/wp-json\/wp\/v2\/posts\/127174\/revisions"}],"predecessor-version":[{"id":127175,"href":"https:\/\/www.actualidadadiario.com\/index.php\/wp-json\/wp\/v2\/posts\/127174\/revisions\/127175"}],"wp:featuredmedia":[{"embeddable":true,"href":"https:\/\/www.actualidadadiario.com\/index.php\/wp-json\/wp\/v2\/media\/103226"}],"wp:attachment":[{"href":"https:\/\/www.actualidadadiario.com\/index.php\/wp-json\/wp\/v2\/media?parent=127174"}],"wp:term":[{"taxonomy":"category","embeddable":true,"href":"https:\/\/www.actualidadadiario.com\/index.php\/wp-json\/wp\/v2\/categories?post=127174"},{"taxonomy":"post_tag","embeddable":true,"href":"https:\/\/www.actualidadadiario.com\/index.php\/wp-json\/wp\/v2\/tags?post=127174"}],"curies":[{"name":"wp","href":"https:\/\/api.w.org\/{rel}","templated":true}]}}