{"id":127169,"date":"2025-04-14T10:21:05","date_gmt":"2025-04-14T13:21:05","guid":{"rendered":"https:\/\/www.actualidadadiario.com\/?p=127169"},"modified":"2025-04-14T10:21:05","modified_gmt":"2025-04-14T13:21:05","slug":"el-senado-trata-en-comision-el-proyecto-que-crea-un-programa-de-educacion-financiera-para-mujeres","status":"publish","type":"post","link":"https:\/\/www.actualidadadiario.com\/index.php\/2025\/04\/14\/el-senado-trata-en-comision-el-proyecto-que-crea-un-programa-de-educacion-financiera-para-mujeres\/","title":{"rendered":"El Senado trata en comisi\u00f3n el proyecto que crea un programa de educaci\u00f3n financiera para mujeres"},"content":{"rendered":"<p style=\"text-align: center;\"><em><strong>Este martes a las 11 se reunir\u00e1 la Comisi\u00f3n de Educaci\u00f3n, Ciencia y Tecnolog\u00eda de la C\u00e1mara de Senadores de Entre R\u00edos. Tratar\u00e1n el proyecto por el que se crea el Programa Provincial de Educaci\u00f3n Financiera para mujeres en el \u00e1mbito del Ministerio de Desarrollo Econ\u00f3mico de la provincia de Entre R\u00edos. La iniciativa ya cuenta con media sanci\u00f3n de la C\u00e1mara de Diputados<\/strong><\/em><\/p>\n<p>&nbsp;<\/p>\n<p>&nbsp;<\/p>\n<p>La Comisi\u00f3n de Educaci\u00f3n se reunir\u00e1 este martes 15 de abril a las 11 para tratar el proyecto -presentado por la diputada radical Gabriela Lena- que crea un programa de educaci\u00f3n financiera para mujeres.<\/p>\n<p>El programa Educaci\u00f3n Financiera para Mujeres tiene como finalidad proporcionar una alfabetizaci\u00f3n t\u00e9cnica en materia econ\u00f3mica. Este programa abarca el conjunto de conocimientos, experiencias, habilidades y actitudes necesarias para comprender el entorno econ\u00f3mico, interpretar los eventos que afecten a las mujeres de manera directa o indirecta, y tomar decisiones informadas.<\/p>\n<p>Asimismo, el programa se enfocar\u00e1 en desarrollar h\u00e1bitos de consumo responsables, gestionar el uso del dinero y el cr\u00e9dito de manera eficiente, fomentar el emprendimiento y contribuir al desarrollo econ\u00f3mico local y provincial.<\/p>\n<p>La autora del proyecto, Gabriela Lena, afirm\u00f3: \u201cEs crucial para el empoderamiento de las mujeres, no s\u00f3lo porque proporciona habilidades y conocimientos necesarios para poder gestionar sus recursos econ\u00f3micos de una manera eficaz, sino tambi\u00e9n para poder tomar decisiones informadas y participar activamente de la vida econ\u00f3mica de la sociedad\u201d.<\/p>\n<p>Asimismo, Lena dijo que el programa de capacitaci\u00f3n sugerido \u201cbusca igualar las oportunidades y contribuir a la eliminaci\u00f3n de las brechas de g\u00e9nero que a\u00fan existen y m\u00e1s que nada en el \u00e1mbito financiero\u201d. Subray\u00f3 que se pretende fomentar la autogesti\u00f3n y que m\u00e1s mujeres puedan mejorar su situaci\u00f3n econ\u00f3mica y su calidad de vida\u201d.<\/p>\n<p>El proyecto fue aprobado en agosto del a\u00f1o pasado por la C\u00e1mara de Diputados.<\/p>\n","protected":false},"excerpt":{"rendered":"<p>Este martes a las 11 se reunir\u00e1 la Comisi\u00f3n de Educaci\u00f3n, Ciencia y Tecnolog\u00eda de la C\u00e1mara de Senadores de Entre R\u00edos. Tratar\u00e1n el proyecto por el que se crea el Programa Provincial de Educaci\u00f3n Financiera para mujeres en el \u00e1mbito del Ministerio de Desarrollo Econ\u00f3mico de la provincia de Entre R\u00edos. La iniciativa ya cuenta con media sanci\u00f3n de la C\u00e1mara de Diputados &nbsp; &nbsp; La Comisi\u00f3n de Educaci\u00f3n se reunir\u00e1 este martes 15 de abril a las 11 para tratar el proyecto -presentado por la diputada radical Gabriela&#8230;<\/p>\n","protected":false},"author":3,"featured_media":122561,"comment_status":"closed","ping_status":"closed","sticky":false,"template":"","format":"standard","meta":[],"categories":[15],"tags":[],"_links":{"self":[{"href":"https:\/\/www.actualidadadiario.com\/index.php\/wp-json\/wp\/v2\/posts\/127169"}],"collection":[{"href":"https:\/\/www.actualidadadiario.com\/index.php\/wp-json\/wp\/v2\/posts"}],"about":[{"href":"https:\/\/www.actualidadadiario.com\/index.php\/wp-json\/wp\/v2\/types\/post"}],"author":[{"embeddable":true,"href":"https:\/\/www.actualidadadiario.com\/index.php\/wp-json\/wp\/v2\/users\/3"}],"replies":[{"embeddable":true,"href":"https:\/\/www.actualidadadiario.com\/index.php\/wp-json\/wp\/v2\/comments?post=127169"}],"version-history":[{"count":1,"href":"https:\/\/www.actualidadadiario.com\/index.php\/wp-json\/wp\/v2\/posts\/127169\/revisions"}],"predecessor-version":[{"id":127170,"href":"https:\/\/www.actualidadadiario.com\/index.php\/wp-json\/wp\/v2\/posts\/127169\/revisions\/127170"}],"wp:featuredmedia":[{"embeddable":true,"href":"https:\/\/www.actualidadadiario.com\/index.php\/wp-json\/wp\/v2\/media\/122561"}],"wp:attachment":[{"href":"https:\/\/www.actualidadadiario.com\/index.php\/wp-json\/wp\/v2\/media?parent=127169"}],"wp:term":[{"taxonomy":"category","embeddable":true,"href":"https:\/\/www.actualidadadiario.com\/index.php\/wp-json\/wp\/v2\/categories?post=127169"},{"taxonomy":"post_tag","embeddable":true,"href":"https:\/\/www.actualidadadiario.com\/index.php\/wp-json\/wp\/v2\/tags?post=127169"}],"curies":[{"name":"wp","href":"https:\/\/api.w.org\/{rel}","templated":true}]}}