{"id":127156,"date":"2025-04-11T15:43:36","date_gmt":"2025-04-11T18:43:36","guid":{"rendered":"https:\/\/www.actualidadadiario.com\/?p=127156"},"modified":"2025-04-11T15:43:36","modified_gmt":"2025-04-11T18:43:36","slug":"chile-imputaron-a-un-carabinero-por-la-muerte-de-dos-simpatizantes-de-colo-colo-antes-del-partido-contra-fortaleza","status":"publish","type":"post","link":"https:\/\/www.actualidadadiario.com\/index.php\/2025\/04\/11\/chile-imputaron-a-un-carabinero-por-la-muerte-de-dos-simpatizantes-de-colo-colo-antes-del-partido-contra-fortaleza\/","title":{"rendered":"Chile: imputaron a un carabinero por la muerte de dos simpatizantes de Colo Colo antes del partido contra Fortaleza"},"content":{"rendered":"<p style=\"text-align: center;\"><em><strong>Los j\u00f3venes fallecidos ten\u00edan 13 y 18 a\u00f1os. La hinchada del equipo chileno interrumpi\u00f3 el partido para anunciar y protestar por la situaci\u00f3n<\/strong><\/em><\/p>\n<p>&nbsp;<\/p>\n<p>&nbsp;<\/p>\n<p>La Fiscal\u00eda de Chile imput\u00f3 a un funcionario de Carabineros por la muerte de dos adolescentes en las afueras del Estadio Monumental David Arellano, en Santiago, horas antes del duelo entre Colo Colo y Fortaleza por la segunda jornada de la Copa Libertadores.<\/p>\n<p>El hecho ocurri\u00f3 cuando un grupo numeroso de personas intent\u00f3 acceder sin entradas por los accesos de Tucapel y Caupolic\u00e1n, lo que gener\u00f3 avalanchas humanas y provoc\u00f3 el derrumbe de rejas met\u00e1licas.<\/p>\n<p>En ese contexto, uno de los adolescentes perdi\u00f3 la vida en el lugar, mientras que otro, de 13 a\u00f1os, falleci\u00f3 m\u00e1s tarde en la Cl\u00ednica Bupa, ubicada cerca del estadio.<\/p>\n<p>Seg\u00fan informaron, en medio de la intervenci\u00f3n de efectivos de la unidad de Control de Orden P\u00fablico (COP), uno de los veh\u00edculos policiales que participaban del operativo habr\u00eda atravesado una reja perimetral ya ca\u00edda, que estaba sobre los j\u00f3venes. Las autoridades investigan si ese accionar fue determinante en el fallecimiento.<\/p>\n<p>&nbsp;<\/p>\n<p><strong>Qu\u00e9 dijeron desde la fiscal\u00eda de Chile<\/strong><\/p>\n<p>\u201cSe produce una estampida que implica la ca\u00edda de una reja y, en este momento, se est\u00e1 investigando si es que alg\u00fan carro policial tuvo participaci\u00f3n, finalmente, en el deceso\u201d, explic\u00f3 el fiscal Francisco Morales.<\/p>\n<p>El representante del Ministerio P\u00fablico confirm\u00f3 que \u201cla persona que estaba conduciendo el carro de momento tiene la calidad de imputado, sin perjuicio de que no se procedi\u00f3 a su detenci\u00f3n\u201d, ya que \u201cno existe ninguna causal que la habilite hasta el momento\u201d.<\/p>\n<p>La Fiscal\u00eda de Flagrancia Oriente abri\u00f3 una investigaci\u00f3n formal y analiza los registros de las c\u00e1maras de seguridad del estadio, as\u00ed como las declaraciones de los uniformados presentes durante los incidentes.<\/p>\n<p>\u201cEstamos trabajando con todos los medios t\u00e9cnicos y registros disponibles para determinar las responsabilidades correspondientes. No se descarta ninguna hip\u00f3tesis, incluidas fallas en las medidas de seguridad y posibles excesos en la intervenci\u00f3n policial\u201d, a\u00f1adi\u00f3 Morales.<\/p>\n<p>Por su parte, el ministro de Seguridad P\u00fablica, Luis Cordero, inform\u00f3 que el carabinero involucrado fue separado de sus funciones mientras se desarrolla el proceso judicial. La situaci\u00f3n gener\u00f3 un clima de tensi\u00f3n en el estadio, que no impidi\u00f3 el inicio del partido, pero s\u00ed forz\u00f3 su suspensi\u00f3n definitiva a los 70 minutos, luego de que hinchas de Colo Colo invadieran el campo. La CONMEBOL confirm\u00f3 minutos despu\u00e9s la cancelaci\u00f3n oficial del encuentro.<\/p>\n<p>&nbsp;<\/p>\n<p><strong>La tristeza de los allegados a las v\u00edctimas<\/strong><\/p>\n<p>Una familiar de una de las v\u00edctimas denunci\u00f3 con dureza lo ocurrido: \u201cMi hermana ven\u00eda con entrada en mano, con su carnet. No es que se iban a pasar como dijeron&#8221;.<\/p>\n<p>&#8220;Ella estaba con dos amigos y los carabineros los culparon de la avalancha que los termin\u00f3 aplastando. El carabinero que la atropell\u00f3 nunca estuvo ac\u00e1 y el \u00fanico que me habl\u00f3 fue quien la trajo. Si \u00e9l vio que hab\u00eda ni\u00f1os en el medio, c\u00f3mo no pudieron parar. Eso me produce frustraci\u00f3n porque es mi hermana\u201d, relat\u00f3 entre l\u00e1grimas.<\/p>\n","protected":false},"excerpt":{"rendered":"<p>Los j\u00f3venes fallecidos ten\u00edan 13 y 18 a\u00f1os. La hinchada del equipo chileno interrumpi\u00f3 el partido para anunciar y protestar por la situaci\u00f3n &nbsp; &nbsp; La Fiscal\u00eda de Chile imput\u00f3 a un funcionario de Carabineros por la muerte de dos adolescentes en las afueras del Estadio Monumental David Arellano, en Santiago, horas antes del duelo entre Colo Colo y Fortaleza por la segunda jornada de la Copa Libertadores. El hecho ocurri\u00f3 cuando un grupo numeroso de personas intent\u00f3 acceder sin entradas por los accesos de Tucapel y Caupolic\u00e1n, lo que&#8230;<\/p>\n","protected":false},"author":3,"featured_media":127157,"comment_status":"closed","ping_status":"closed","sticky":false,"template":"","format":"standard","meta":[],"categories":[4],"tags":[],"_links":{"self":[{"href":"https:\/\/www.actualidadadiario.com\/index.php\/wp-json\/wp\/v2\/posts\/127156"}],"collection":[{"href":"https:\/\/www.actualidadadiario.com\/index.php\/wp-json\/wp\/v2\/posts"}],"about":[{"href":"https:\/\/www.actualidadadiario.com\/index.php\/wp-json\/wp\/v2\/types\/post"}],"author":[{"embeddable":true,"href":"https:\/\/www.actualidadadiario.com\/index.php\/wp-json\/wp\/v2\/users\/3"}],"replies":[{"embeddable":true,"href":"https:\/\/www.actualidadadiario.com\/index.php\/wp-json\/wp\/v2\/comments?post=127156"}],"version-history":[{"count":1,"href":"https:\/\/www.actualidadadiario.com\/index.php\/wp-json\/wp\/v2\/posts\/127156\/revisions"}],"predecessor-version":[{"id":127158,"href":"https:\/\/www.actualidadadiario.com\/index.php\/wp-json\/wp\/v2\/posts\/127156\/revisions\/127158"}],"wp:featuredmedia":[{"embeddable":true,"href":"https:\/\/www.actualidadadiario.com\/index.php\/wp-json\/wp\/v2\/media\/127157"}],"wp:attachment":[{"href":"https:\/\/www.actualidadadiario.com\/index.php\/wp-json\/wp\/v2\/media?parent=127156"}],"wp:term":[{"taxonomy":"category","embeddable":true,"href":"https:\/\/www.actualidadadiario.com\/index.php\/wp-json\/wp\/v2\/categories?post=127156"},{"taxonomy":"post_tag","embeddable":true,"href":"https:\/\/www.actualidadadiario.com\/index.php\/wp-json\/wp\/v2\/tags?post=127156"}],"curies":[{"name":"wp","href":"https:\/\/api.w.org\/{rel}","templated":true}]}}