{"id":127150,"date":"2025-04-11T15:41:16","date_gmt":"2025-04-11T18:41:16","guid":{"rendered":"https:\/\/www.actualidadadiario.com\/?p=127150"},"modified":"2025-04-11T15:41:16","modified_gmt":"2025-04-11T18:41:16","slug":"el-papa-francisco-estuvo-contento-de-salir-y-encontrar-gente-pese-a-su-convalecencia","status":"publish","type":"post","link":"https:\/\/www.actualidadadiario.com\/index.php\/2025\/04\/11\/el-papa-francisco-estuvo-contento-de-salir-y-encontrar-gente-pese-a-su-convalecencia\/","title":{"rendered":"El papa Francisco estuvo &#8220;contento&#8221; de salir y encontrar gente pese a su convalecencia"},"content":{"rendered":"<p style=\"text-align: center;\"><em><strong>Pese a sus mejoras, es incierta la participaci\u00f3n del papa Francisco en las ceremonias de Pascuas. En las \u00faltimas horas sali\u00f3 vestido de civil acompa\u00f1ados por asistentes<\/strong><\/em><\/p>\n<p>&nbsp;<\/p>\n<p>&nbsp;<\/p>\n<p>El papa Francisco estuvo &#8220;contento&#8221; de salir y encontrarse con personas esta semana. A pesar su mejora de salud, su participaci\u00f3n en las ceremonias de Pascua sigue incierta seg\u00fan indic\u00f3 este viernes el Vaticano.<\/p>\n<p>&#8220;El hecho de que est\u00e9 en convalecencia no significa que no pueda salir. Ayer dio un paseo y pidi\u00f3 ser llevado a la bas\u00edlica para rezar. Estuvo contento de ir y saludar a la gente&#8221;, asegur\u00f3 la sala de prensa del Vaticano.<\/p>\n<p>El papa Francisco estuvo &#8220;contento&#8221; de salir y encontrar gente pese a su convalecencia<\/p>\n<p>El Papa (88) contin\u00faa con su fisioterapia motora y respiratoria &#8220;y hubo mejoras, como pudieron constatar en sus salidas los \u00faltimos d\u00edas&#8221;, seg\u00fan la misma fuente, afirma la agencia AFP. El pont\u00edfice argentino recibi\u00f3 mi\u00e9rcoles en audiencia privada al rey Carlos III de Inglaterra y a la reina Camila, pese a una cancelaci\u00f3n previa.<\/p>\n<p>Afirmaron que &#8220;estuvo 20 minutos con el rey sin ox\u00edgeno&#8221; adicional, y actualmente pasa &#8220;largos periodos&#8221; sin c\u00e1nulas nasales, que solo se utilizan con &#8220;fines terap\u00e9uticos&#8221;. A pesar de estas mejoras a\u00fan no se tom\u00f3 una decisi\u00f3n respecto a su participaci\u00f3n en las ceremonias religiosas de la Semana Santa previa a la Pascua, y mucho depender\u00e1 &#8220;del clima&#8221;.<\/p>\n<p>Ya est\u00e1 confirmado que la oraci\u00f3n del Domingo de Ramos, en dos d\u00edas, ser\u00e1 presidida por el cardenal Leonardo Sandri. Por su parte, Bergoglio pas\u00f3 m\u00e1s de cinco semanas en el hospital Gemelli de Roma para tratar una doble neumon\u00eda.<\/p>\n<p>En convalecencia desde su regreso al Vaticano el 23 de marzo, sigue debilitado y redujo dr\u00e1sticamente sus actividades. Los m\u00e9dicos le recetaron reposo durante dos meses.<\/p>\n<p>&nbsp;<\/p>\n<p><strong>El papa Francisco reapareci\u00f3 en la Bas\u00edlica de San Pedro vestido de civil<\/strong><\/p>\n<p>El papa Francisco volvi\u00f3 a sorprender con una aparici\u00f3n inesperada y poco habitual, ya que este jueves por la tarde, ingres\u00f3 a la Bas\u00edlica de San Pedro sin su vestimenta pontificia, luciendo pantal\u00f3n negro, camisa blanca y una manta rayada sobre sus piernas, junto a sus c\u00e1nulas nasales visibles. Las im\u00e1genes, que circularon con rapidez por redes sociales, causaron impacto entre los vaticanistas, que inicialmente creyeron que se trataba de contenido manipulado.<\/p>\n<p>Acompa\u00f1ado por sus asistentes m\u00e9dicos Massimiliano Strappetti y Andrea Rinaldi, el pont\u00edfice de 88 a\u00f1os se desplaz\u00f3 en silla de ruedas por algunos sectores del templo. Esta nueva aparici\u00f3n p\u00fablica se suma a la que realiz\u00f3 el domingo anterior, cuando se present\u00f3 en la Plaza de San Pedro para el cierre de la misa por el Jubileo de los enfermos.<\/p>\n","protected":false},"excerpt":{"rendered":"<p>Pese a sus mejoras, es incierta la participaci\u00f3n del papa Francisco en las ceremonias de Pascuas. En las \u00faltimas horas sali\u00f3 vestido de civil acompa\u00f1ados por asistentes &nbsp; &nbsp; El papa Francisco estuvo &#8220;contento&#8221; de salir y encontrarse con personas esta semana. A pesar su mejora de salud, su participaci\u00f3n en las ceremonias de Pascua sigue incierta seg\u00fan indic\u00f3 este viernes el Vaticano. &#8220;El hecho de que est\u00e9 en convalecencia no significa que no pueda salir. Ayer dio un paseo y pidi\u00f3 ser llevado a la bas\u00edlica para rezar. Estuvo&#8230;<\/p>\n","protected":false},"author":3,"featured_media":127151,"comment_status":"closed","ping_status":"closed","sticky":false,"template":"","format":"standard","meta":[],"categories":[4],"tags":[],"_links":{"self":[{"href":"https:\/\/www.actualidadadiario.com\/index.php\/wp-json\/wp\/v2\/posts\/127150"}],"collection":[{"href":"https:\/\/www.actualidadadiario.com\/index.php\/wp-json\/wp\/v2\/posts"}],"about":[{"href":"https:\/\/www.actualidadadiario.com\/index.php\/wp-json\/wp\/v2\/types\/post"}],"author":[{"embeddable":true,"href":"https:\/\/www.actualidadadiario.com\/index.php\/wp-json\/wp\/v2\/users\/3"}],"replies":[{"embeddable":true,"href":"https:\/\/www.actualidadadiario.com\/index.php\/wp-json\/wp\/v2\/comments?post=127150"}],"version-history":[{"count":1,"href":"https:\/\/www.actualidadadiario.com\/index.php\/wp-json\/wp\/v2\/posts\/127150\/revisions"}],"predecessor-version":[{"id":127152,"href":"https:\/\/www.actualidadadiario.com\/index.php\/wp-json\/wp\/v2\/posts\/127150\/revisions\/127152"}],"wp:featuredmedia":[{"embeddable":true,"href":"https:\/\/www.actualidadadiario.com\/index.php\/wp-json\/wp\/v2\/media\/127151"}],"wp:attachment":[{"href":"https:\/\/www.actualidadadiario.com\/index.php\/wp-json\/wp\/v2\/media?parent=127150"}],"wp:term":[{"taxonomy":"category","embeddable":true,"href":"https:\/\/www.actualidadadiario.com\/index.php\/wp-json\/wp\/v2\/categories?post=127150"},{"taxonomy":"post_tag","embeddable":true,"href":"https:\/\/www.actualidadadiario.com\/index.php\/wp-json\/wp\/v2\/tags?post=127150"}],"curies":[{"name":"wp","href":"https:\/\/api.w.org\/{rel}","templated":true}]}}