{"id":127141,"date":"2025-04-11T15:02:12","date_gmt":"2025-04-11T18:02:12","guid":{"rendered":"https:\/\/www.actualidadadiario.com\/?p=127141"},"modified":"2025-04-11T15:11:08","modified_gmt":"2025-04-11T18:11:08","slug":"alvarez-agis-sin-una-politica-cambiaria-consistente-el-modelo-de-javier-milei-es-insostenible","status":"publish","type":"post","link":"https:\/\/www.actualidadadiario.com\/index.php\/2025\/04\/11\/alvarez-agis-sin-una-politica-cambiaria-consistente-el-modelo-de-javier-milei-es-insostenible\/","title":{"rendered":"\u00c1lvarez Agis: &#8220;Sin una pol\u00edtica cambiaria consistente, el modelo de Javier Milei es insostenible&#8221;"},"content":{"rendered":"<p style=\"text-align: center;\"><em><strong>Sin una estrategia cambiaria s\u00f3lida y acuerdos pol\u00edticos de largo plazo, el actual equilibrio econ\u00f3mico corre el riesgo de desmoronarse tan r\u00e1pido como se construy\u00f3<\/strong><\/em><\/p>\n<p>&nbsp;<\/p>\n<p>&nbsp;<\/p>\n<p>El economista Emmanuel \u00c1lvarez Agis lanz\u00f3 una advertencia contundente sobre la fragilidad del esquema econ\u00f3mico actual si no se logra sostener una pol\u00edtica cambiaria coherente en el mediano plazo. En un momento en que el d\u00f3lar informal muestra una clara tendencia alcista y los inversores buscan protegerse frente a posibles sobresaltos, \u00c1lvarez Agis subray\u00f3 que el tipo de cambio es el principal term\u00f3metro de los desequilibrios que la econom\u00eda argentina todav\u00eda arrastra.<\/p>\n<p>El exviceministro de Econom\u00eda se\u00f1al\u00f3 que el d\u00f3lar no es simplemente una variable econ\u00f3mica, sino una s\u00edntesis de los problemas estructurales del pa\u00eds. \u201cEl valor del d\u00f3lar refleja cu\u00e1nto desorden seguimos sin resolver. Cuando se dispara, es se\u00f1al de que estamos en problemas profundos; cuando baja artificialmente, da la sensaci\u00f3n de prosperidad, aunque sea moment\u00e1nea\u201d, describi\u00f3 con crudeza.<\/p>\n<p>En ese sentido, el fundador de la consultora PxQ advirti\u00f3 sobre los efectos enga\u00f1osos de un d\u00f3lar oficial barato, que podr\u00eda estar incentivando una recuperaci\u00f3n del consumo que no se apoya en bases s\u00f3lidas. \u201cPasamos de seis meses de ajuste duro a una fase de alivio, donde mucha gente vuelve a consumir, viajar o importar productos a bajo costo. Pero si ese alivio est\u00e1 montado sobre un atraso cambiario, puede volverse insostenible\u201d, puntualiz\u00f3 durante una entrevista en Radio con Vos.<\/p>\n<p>Seg\u00fan su an\u00e1lisis, el \u00e9xito transitorio del programa econ\u00f3mico libertario descansa en gran parte en el uso del d\u00f3lar como ancla antiinflacionaria. Esta herramienta, si bien efectiva en el corto plazo para frenar la suba de precios y reactivar la actividad, conlleva un riesgo latente: la p\u00e9rdida de reservas. \u201cNo se puede mantener un d\u00f3lar barato sin d\u00f3lares en el Banco Central. Los pa\u00edses que aplicaron este tipo de estrategia ten\u00edan ingresos extraordinarios, ya sea por commodities, petr\u00f3leo o geopol\u00edtica favorable. Argentina no tiene ese privilegio\u201d, remarc\u00f3.<\/p>\n<p>&nbsp;<\/p>\n<p><strong>Consumo, d\u00f3lar y reservas<\/strong><\/p>\n<p>\u00c1lvarez Agis tambi\u00e9n reflexion\u00f3 sobre la dificultad estructural para resolver el problema cambiario de fondo. A su juicio, el obst\u00e1culo principal no es t\u00e9cnico sino pol\u00edtico. \u201cEl tipo de cambio no se ordena de un d\u00eda para el otro. Es un proceso largo, que puede llevar una d\u00e9cada, y para eso se necesita continuidad en las pol\u00edticas p\u00fablicas y acuerdos duraderos. Pero en Argentina eso no sucede, porque nadie quiere dejarle los frutos del esfuerzo a un gobierno futuro\u201d, expres\u00f3.<\/p>\n<p>Para ilustrar su punto, cit\u00f3 el caso de Israel en los a\u00f1os ochenta, donde una crisis econ\u00f3mica profunda llev\u00f3 a la construcci\u00f3n de consensos entre sectores enfrentados. \u201cImplementaron un plan dr\u00e1stico, con costos iniciales altos, pero lo sostuvieron y les dio resultados. En nuestro pa\u00eds nunca hubo esa madurez para dise\u00f1ar un rumbo compartido\u201d, lament\u00f3.<\/p>\n<p>Finalmente, \u00c1lvarez Agis sostuvo que mientras persista la l\u00f3gica electoral de ganar tiempo y evitar el costo pol\u00edtico del sinceramiento econ\u00f3mico, ser\u00e1 dif\u00edcil encarar una soluci\u00f3n duradera. \u201cUn d\u00f3lar alto es impopular, pero necesario. Hasta que no estemos dispuestos a asumir eso y a pensar en el largo plazo, vamos a seguir repitiendo la misma historia\u201d, concluy\u00f3.<\/p>\n","protected":false},"excerpt":{"rendered":"<p>Sin una estrategia cambiaria s\u00f3lida y acuerdos pol\u00edticos de largo plazo, el actual equilibrio econ\u00f3mico corre el riesgo de desmoronarse tan r\u00e1pido como se construy\u00f3 &nbsp; &nbsp; El economista Emmanuel \u00c1lvarez Agis lanz\u00f3 una advertencia contundente sobre la fragilidad del esquema econ\u00f3mico actual si no se logra sostener una pol\u00edtica cambiaria coherente en el mediano plazo. En un momento en que el d\u00f3lar informal muestra una clara tendencia alcista y los inversores buscan protegerse frente a posibles sobresaltos, \u00c1lvarez Agis subray\u00f3 que el tipo de cambio es el principal term\u00f3metro&#8230;<\/p>\n","protected":false},"author":3,"featured_media":127142,"comment_status":"closed","ping_status":"closed","sticky":false,"template":"","format":"standard","meta":[],"categories":[18],"tags":[],"_links":{"self":[{"href":"https:\/\/www.actualidadadiario.com\/index.php\/wp-json\/wp\/v2\/posts\/127141"}],"collection":[{"href":"https:\/\/www.actualidadadiario.com\/index.php\/wp-json\/wp\/v2\/posts"}],"about":[{"href":"https:\/\/www.actualidadadiario.com\/index.php\/wp-json\/wp\/v2\/types\/post"}],"author":[{"embeddable":true,"href":"https:\/\/www.actualidadadiario.com\/index.php\/wp-json\/wp\/v2\/users\/3"}],"replies":[{"embeddable":true,"href":"https:\/\/www.actualidadadiario.com\/index.php\/wp-json\/wp\/v2\/comments?post=127141"}],"version-history":[{"count":1,"href":"https:\/\/www.actualidadadiario.com\/index.php\/wp-json\/wp\/v2\/posts\/127141\/revisions"}],"predecessor-version":[{"id":127143,"href":"https:\/\/www.actualidadadiario.com\/index.php\/wp-json\/wp\/v2\/posts\/127141\/revisions\/127143"}],"wp:featuredmedia":[{"embeddable":true,"href":"https:\/\/www.actualidadadiario.com\/index.php\/wp-json\/wp\/v2\/media\/127142"}],"wp:attachment":[{"href":"https:\/\/www.actualidadadiario.com\/index.php\/wp-json\/wp\/v2\/media?parent=127141"}],"wp:term":[{"taxonomy":"category","embeddable":true,"href":"https:\/\/www.actualidadadiario.com\/index.php\/wp-json\/wp\/v2\/categories?post=127141"},{"taxonomy":"post_tag","embeddable":true,"href":"https:\/\/www.actualidadadiario.com\/index.php\/wp-json\/wp\/v2\/tags?post=127141"}],"curies":[{"name":"wp","href":"https:\/\/api.w.org\/{rel}","templated":true}]}}