{"id":127133,"date":"2025-04-11T15:02:01","date_gmt":"2025-04-11T18:02:01","guid":{"rendered":"https:\/\/www.actualidadadiario.com\/?p=127133"},"modified":"2025-04-11T15:02:01","modified_gmt":"2025-04-11T18:02:01","slug":"tras-su-renuncia-a-la-corte-suprema-manuel-garcia-mansilla-critico-al-senado","status":"publish","type":"post","link":"https:\/\/www.actualidadadiario.com\/index.php\/2025\/04\/11\/tras-su-renuncia-a-la-corte-suprema-manuel-garcia-mansilla-critico-al-senado\/","title":{"rendered":"Tras su renuncia a la Corte Suprema, Manuel Garc\u00eda-Mansilla critic\u00f3 al Senado"},"content":{"rendered":"<p style=\"text-align: center;\"><em><strong>En detalle, los senadores rechazaron el pliego del catedr\u00e1tico. En respuesta, el ahora exjuez del m\u00e1ximo tribunal de Justicia present\u00f3 un escrito en el Congreso donde apunt\u00f3 contra el labor de la C\u00e1mara alta<\/strong><\/em><\/p>\n<p>&nbsp;<\/p>\n<p>&nbsp;<\/p>\n<p>El exjuez de la Corte Suprema de Justicia, Manuel Garc\u00eda-Mansilla, &#8211; qui\u00e9n renunci\u00f3 a su puesto luego de que el Senado rechazara su pliego &#8211; present\u00f3 un escrito en el Congreso con fuertes cr\u00edticas a la C\u00e1mara alta por su labor durante el proceso de designaci\u00f3n. Adem\u00e1s, en el texto el catedr\u00e1tico denunci\u00f3 &#8220;irregularidades reglamentarias&#8221;.<\/p>\n<p>El catedr\u00e1tico acus\u00f3 al Senado de retrasar todo el proceso de elecci\u00f3n, donde finalmente se rechaz\u00f3 su pliego. Adem\u00e1s, Garc\u00eda-Mansilla defendi\u00f3 su designaci\u00f3n hecha por el presidente Javier Milei a trav\u00e9s del decreto 137\/2025.<\/p>\n<p>&nbsp;<\/p>\n<p><strong>Las cr\u00edticas de Garc\u00eda-Mansilla al Senado<\/strong><\/p>\n<p>En el texto &#8211; que tiene una duraci\u00f3n de 35 p\u00e1ginas &#8211; el exjuez de la Corte Suprema sostuvo que durante todo el proceso se &#8220;hablaron falsedades&#8221; adem\u00e1s de haberse cometido &#8220;irregularidades reglamentarias&#8221;. Cabe destacar que el catedr\u00e1tico renunci\u00f3 a su posici\u00f3n en el m\u00e1ximo tribunal la semana pasada, entre tensiones y cuestionamientos.<\/p>\n<p>Adem\u00e1s de criticar la demora del proceso del Congreso, Garc\u00eda-Mansilla tambi\u00e9n defendi\u00f3 su nombramiento en comisi\u00f3n y, en este sentido, desminti\u00f3 haber dicho que nunca asumir\u00eda por decreto. En detalle, el catedr\u00e1tico explic\u00f3 que esta reflexi\u00f3n surgi\u00f3 ante una pregunta de la senadora Anabel Fern\u00e1ndez Sagasti y que, en su respuesta, \u00e9l se refiri\u00f3 al decreto 83\/15 &#8211; dictado en 2015 durante el gobierno de Mauricio Macri &#8211; sobre el que dijo que no hubiera aceptado un nombramiento en comisi\u00f3n y que aclar\u00f3 &#8220;que esa reflexi\u00f3n\u201d la hac\u00eda \u201ccon el diario del lunes\u201d.<\/p>\n<p>As\u00ed, asegur\u00f3 que su consideraci\u00f3n pol\u00edtica e institucional se basaba &#8220;sobre ese contexto de 2015, no una declaraci\u00f3n sobre la improcedencia general de las designaciones en comisi\u00f3n. De hecho, as\u00ed lo interpretaron los propios senadores presentes en participaciones posteriores en la audiencia&#8221;.<\/p>\n<p>De esta manera, Garc\u00eda-Mansilla critic\u00f3 todo el proceso del debate de los pliegos y dej\u00f3 clara su postura tras las fuertes cr\u00edticas recibidas que provocaron su renuncia.<\/p>\n<p>&nbsp;<\/p>\n<p><strong>Manuel Garc\u00eda-Mansilla envi\u00f3 su renuncia a la Corte Suprema<\/strong><\/p>\n<p>Las cr\u00edticas de Garc\u00eda-Mansilla llegan luego de presentar su &#8220;renuncia indeclinable&#8221; el pasado lunes. El magistrado detall\u00f3 que hab\u00eda aceptado el nombramiento &#8220;con la convicci\u00f3n de que la falta de integraci\u00f3n de la Corte Suprema era un grave problema institucional que requer\u00eda una soluci\u00f3n urgente&#8221;.<\/p>\n<p>En el texto, se\u00f1al\u00f3: &#8220;Se hab\u00edan generado dos vacantes en la Corte Suprema, que qued\u00f3 reducida a solo tres miembros desde el 29 de diciembre de 2024. Sin embargo, una de las vacantes existentes a esa fecha ten\u00eda ya m\u00e1s de tres a\u00f1os. Es francamente sorprendente que, a pesar de la importancia y del peso que tiene cada juez en un tribunal con una integraci\u00f3n tan reducida, se hubiera naturalizado la existencia de una vacante sin cubrir durante un lapso tan prolongado. A esa anomal\u00eda institucional se le hab\u00eda sumado una nueva vacante, que agrav\u00f3 a\u00fan m\u00e1s la situaci\u00f3n y que, incuestionablemente, requer\u00eda tambi\u00e9n ser cubierta sin dilaciones&#8221;.<\/p>\n","protected":false},"excerpt":{"rendered":"<p>En detalle, los senadores rechazaron el pliego del catedr\u00e1tico. En respuesta, el ahora exjuez del m\u00e1ximo tribunal de Justicia present\u00f3 un escrito en el Congreso donde apunt\u00f3 contra el labor de la C\u00e1mara alta &nbsp; &nbsp; El exjuez de la Corte Suprema de Justicia, Manuel Garc\u00eda-Mansilla, &#8211; qui\u00e9n renunci\u00f3 a su puesto luego de que el Senado rechazara su pliego &#8211; present\u00f3 un escrito en el Congreso con fuertes cr\u00edticas a la C\u00e1mara alta por su labor durante el proceso de designaci\u00f3n. Adem\u00e1s, en el texto el catedr\u00e1tico denunci\u00f3 &#8220;irregularidades&#8230;<\/p>\n","protected":false},"author":3,"featured_media":126870,"comment_status":"closed","ping_status":"closed","sticky":false,"template":"","format":"standard","meta":[],"categories":[18],"tags":[],"_links":{"self":[{"href":"https:\/\/www.actualidadadiario.com\/index.php\/wp-json\/wp\/v2\/posts\/127133"}],"collection":[{"href":"https:\/\/www.actualidadadiario.com\/index.php\/wp-json\/wp\/v2\/posts"}],"about":[{"href":"https:\/\/www.actualidadadiario.com\/index.php\/wp-json\/wp\/v2\/types\/post"}],"author":[{"embeddable":true,"href":"https:\/\/www.actualidadadiario.com\/index.php\/wp-json\/wp\/v2\/users\/3"}],"replies":[{"embeddable":true,"href":"https:\/\/www.actualidadadiario.com\/index.php\/wp-json\/wp\/v2\/comments?post=127133"}],"version-history":[{"count":1,"href":"https:\/\/www.actualidadadiario.com\/index.php\/wp-json\/wp\/v2\/posts\/127133\/revisions"}],"predecessor-version":[{"id":127134,"href":"https:\/\/www.actualidadadiario.com\/index.php\/wp-json\/wp\/v2\/posts\/127133\/revisions\/127134"}],"wp:featuredmedia":[{"embeddable":true,"href":"https:\/\/www.actualidadadiario.com\/index.php\/wp-json\/wp\/v2\/media\/126870"}],"wp:attachment":[{"href":"https:\/\/www.actualidadadiario.com\/index.php\/wp-json\/wp\/v2\/media?parent=127133"}],"wp:term":[{"taxonomy":"category","embeddable":true,"href":"https:\/\/www.actualidadadiario.com\/index.php\/wp-json\/wp\/v2\/categories?post=127133"},{"taxonomy":"post_tag","embeddable":true,"href":"https:\/\/www.actualidadadiario.com\/index.php\/wp-json\/wp\/v2\/tags?post=127133"}],"curies":[{"name":"wp","href":"https:\/\/api.w.org\/{rel}","templated":true}]}}