{"id":127122,"date":"2025-04-11T14:57:38","date_gmt":"2025-04-11T17:57:38","guid":{"rendered":"https:\/\/www.actualidadadiario.com\/?p=127122"},"modified":"2025-04-11T14:57:38","modified_gmt":"2025-04-11T17:57:38","slug":"preocupacion-en-el-gobierno-por-la-imagen-de-milei-en-caida-libre-producto-del-rechazo-al-acuerdo-con-el-fmi","status":"publish","type":"post","link":"https:\/\/www.actualidadadiario.com\/index.php\/2025\/04\/11\/preocupacion-en-el-gobierno-por-la-imagen-de-milei-en-caida-libre-producto-del-rechazo-al-acuerdo-con-el-fmi\/","title":{"rendered":"Preocupaci\u00f3n en el Gobierno por la imagen de Milei en ca\u00edda libre, producto del rechazo al acuerdo con el FMI"},"content":{"rendered":"<p style=\"text-align: center;\"><em><strong>Una consultora asegur\u00f3 que la imagen de su gobierno baj\u00f3 por lo menos cuatro puntos a partir del entendimiento con el organismo de cr\u00e9dito. Adem\u00e1s, la mayor\u00eda asegura que el d\u00f3lar se disparar\u00e1 y no cree que est\u00e9 bajando la inflaci\u00f3n<\/strong><\/em><\/p>\n<p>&nbsp;<\/p>\n<p>&nbsp;<\/p>\n<p>La imagen del gobierno de Javier Milei vuelve a caer por tercer mes consecutivo, ahora debido al acuerdo con el Fondo Monetario Internacional (FMI), que se firmar\u00e1 en la tarde de este viernes.<\/p>\n<p>De acuerdo con lo informado por la consultora Analog\u00edas, &#8220;el 64% de los entrevistados manifest\u00f3 que la pobreza &#8216;no est\u00e1 bajando&#8217;, a la vez que sendas mayor\u00edas del 53% y del 46% respondieron que la inflaci\u00f3n no est\u00e1 moder\u00e1ndose y que el d\u00f3lar va a aumentar &#8216;mucho o bastante&#8217; en los pr\u00f3ximos meses&#8221;.<\/p>\n<p>Las pol\u00edticas econ\u00f3micas del Gobierno no parecen estar firmes ni resultan ser convincentes para el pueblo en general, por lo que las encuestan indican que &#8220;la imagen del presidente Javier Milei tambi\u00e9n volvi\u00f3 a caer y registr\u00f3 los siguientes niveles: 51% de imagen negativa y 47% de imagen positiva&#8221;.<\/p>\n<p>En estos cuatro meses que lleva 2025, fueron varios los eventos sociopol\u00edticos que influyeron en esta decisi\u00f3n. Entre ellos se encuentran el rechazo mayoritario al FMI, convicci\u00f3n sobre la existencia de corrupci\u00f3n dentro del Gobierno, participaci\u00f3n de Milei en una estafa global con criptomonedas, incredulidad sobre la medici\u00f3n de la pobreza, apoyo a los jubilados, alto nivel de informaci\u00f3n y masividad en las marchas del 24 de marzo y buena imagen del cine argentino.<\/p>\n<p>Desde la consultora se\u00f1alaron que &#8220;en la esfera econ\u00f3mica personal, las evaluaciones y expectativas combinadas mostraron una ca\u00edda del \u201coptimismo\u201d de un punto adicional que se apila sobre un ajuste fuerte de siete puntos que hab\u00eda ocurrido en febrero&#8221;. Y, de cara a las elecciones de medio t\u00e9rmino que est\u00e1n a punto de comenzar, Analog\u00edas determin\u00f3 que &#8220;la intenci\u00f3n de voto al Gobierno cay\u00f3 dos puntos que fueron captados por todas las otras alternativas, excepto el peronismo&#8221;.<\/p>\n<p>El nuevo acuerdo entre el Gobierno y el Fondo Monetario Internacional (FMI) por un monto de u$s20.000 millones, que aprobar\u00e1 este viernes el directorio del organismo, trajo escepticismo en el mercado local ante una inminente modificaci\u00f3n del r\u00e9gimen cambiario y un valor del d\u00f3lar oficial que est\u00e1 bajo la mira.<\/p>\n<p>Seg\u00fan un nuevo informe de la consultora Delphos Investment, el nuevo entendimiento con el FMI (el n\u00famero 23 en la historia del pa\u00eds) podr\u00eda derivar en modificaciones significativas en el esquema cambiario actual, incluyendo la posible eliminaci\u00f3n del &#8220;d\u00f3lar blend&#8221; -un sistema que permite a los exportadores liquidar el 80% de sus divisas al tipo de cambio oficial y el 20% al Contado con Liquidaci\u00f3n (CCL)-, que derivar\u00eda en un salto del tipo de cambio oficial.<\/p>\n","protected":false},"excerpt":{"rendered":"<p>Una consultora asegur\u00f3 que la imagen de su gobierno baj\u00f3 por lo menos cuatro puntos a partir del entendimiento con el organismo de cr\u00e9dito. Adem\u00e1s, la mayor\u00eda asegura que el d\u00f3lar se disparar\u00e1 y no cree que est\u00e9 bajando la inflaci\u00f3n &nbsp; &nbsp; La imagen del gobierno de Javier Milei vuelve a caer por tercer mes consecutivo, ahora debido al acuerdo con el Fondo Monetario Internacional (FMI), que se firmar\u00e1 en la tarde de este viernes. De acuerdo con lo informado por la consultora Analog\u00edas, &#8220;el 64% de los entrevistados&#8230;<\/p>\n","protected":false},"author":3,"featured_media":114968,"comment_status":"closed","ping_status":"closed","sticky":false,"template":"","format":"standard","meta":[],"categories":[9],"tags":[],"_links":{"self":[{"href":"https:\/\/www.actualidadadiario.com\/index.php\/wp-json\/wp\/v2\/posts\/127122"}],"collection":[{"href":"https:\/\/www.actualidadadiario.com\/index.php\/wp-json\/wp\/v2\/posts"}],"about":[{"href":"https:\/\/www.actualidadadiario.com\/index.php\/wp-json\/wp\/v2\/types\/post"}],"author":[{"embeddable":true,"href":"https:\/\/www.actualidadadiario.com\/index.php\/wp-json\/wp\/v2\/users\/3"}],"replies":[{"embeddable":true,"href":"https:\/\/www.actualidadadiario.com\/index.php\/wp-json\/wp\/v2\/comments?post=127122"}],"version-history":[{"count":1,"href":"https:\/\/www.actualidadadiario.com\/index.php\/wp-json\/wp\/v2\/posts\/127122\/revisions"}],"predecessor-version":[{"id":127123,"href":"https:\/\/www.actualidadadiario.com\/index.php\/wp-json\/wp\/v2\/posts\/127122\/revisions\/127123"}],"wp:featuredmedia":[{"embeddable":true,"href":"https:\/\/www.actualidadadiario.com\/index.php\/wp-json\/wp\/v2\/media\/114968"}],"wp:attachment":[{"href":"https:\/\/www.actualidadadiario.com\/index.php\/wp-json\/wp\/v2\/media?parent=127122"}],"wp:term":[{"taxonomy":"category","embeddable":true,"href":"https:\/\/www.actualidadadiario.com\/index.php\/wp-json\/wp\/v2\/categories?post=127122"},{"taxonomy":"post_tag","embeddable":true,"href":"https:\/\/www.actualidadadiario.com\/index.php\/wp-json\/wp\/v2\/tags?post=127122"}],"curies":[{"name":"wp","href":"https:\/\/api.w.org\/{rel}","templated":true}]}}