{"id":127120,"date":"2025-04-11T13:01:07","date_gmt":"2025-04-11T16:01:07","guid":{"rendered":"https:\/\/www.actualidadadiario.com\/?p=127120"},"modified":"2025-04-11T16:11:29","modified_gmt":"2025-04-11T19:11:29","slug":"el-indec-revela-la-inflacion-de-marzo-hoy-alimentos-alcanzo-su-nivel-mas-alto-en-nueve-meses","status":"publish","type":"post","link":"https:\/\/www.actualidadadiario.com\/index.php\/2025\/04\/11\/el-indec-revela-la-inflacion-de-marzo-hoy-alimentos-alcanzo-su-nivel-mas-alto-en-nueve-meses\/","title":{"rendered":"La inflaci\u00f3n de marzo fue de 3,7% y super\u00f3 todas las expectativas"},"content":{"rendered":"<p style=\"text-align: center;\"><em><strong>La inflaci\u00f3n de marzo super\u00f3 el 3% y rompi\u00f3 con la expectativa del Gobierno. En paralelo, se espera la aprobaci\u00f3n del acuerdo con el FMI<\/strong><\/em><\/p>\n<p>&nbsp;<\/p>\n<p>&nbsp;<\/p>\n<p>La inflaci\u00f3n de marzo fue de 3,7%, super\u00f3 a la de febrero y se alej\u00f3 much\u00edsimo de las ilusiones del Gobierno de romper el piso del 2%. Los incrementos en alimentos y servicios p\u00fablicos empujaron fuerte en el \u00edndice.<\/p>\n<p>El aumento en los precios de los alimentos marc\u00f3 un cambio en la composici\u00f3n de la inflaci\u00f3n, relegando a un segundo plano los incrementos en los servicios p\u00fablicos, los principales protagonistas del \u00cdndice de Precios al Consumidor.<\/p>\n<p>El \u00cdndice de Precios al Consumidor de marzo lleg\u00f3 en un d\u00eda clave para el Gobierno, que en paralelo espera en Casa Rosada la aprobaci\u00f3n del acuerdo con el Fondo Monetario Internacional por USD 20.000 millones.<\/p>\n<p>A pesar de la ilusi\u00f3n en romper el 2%, desde el Gobierno de Javier Milei esperaban que el n\u00famero sea malo, pero lo adjudican a que marzo es &#8220;un mes vol\u00e1til&#8221;.<\/p>\n<p>Las proyecciones de analistas privados, auguraban una aceleraci\u00f3n\u00a0 por encima del 2,5% y hasta cerca del 3%, con respecto al mes anterior. A su vez, el Relevamiento de Expectativas de Mercado (REM) del Banco Central marc\u00f3 que la inflaci\u00f3n de marzo ser\u00eda del 2,6%.<\/p>\n<p>El c\u00e1lculo m\u00e1s elevado fue el de la consultora Orlando J. Ferreres, que hab\u00eda proyectado un incremento del 2,9% mensual, con aumentos en Educaci\u00f3n (5,4%), alimentos y bebidas (4,9%) e indumentaria (4%) como l\u00edderes en la suba.<\/p>\n<p>El primer indicio de un aumento inflacionario lo hab\u00eda dado este mi\u00e9rcoles la inflaci\u00f3n de la Ciudad de Buenos Aires, en la que los alimentos tuvieron una suba mensual del 4,7% frente a una variaci\u00f3n general del 3,2%.<\/p>\n<p>&nbsp;<\/p>\n<p><strong>Las proyecciones para abril<\/strong><\/p>\n<p>Despu\u00e9s de la aceleraci\u00f3n del IPC en febrero y marzo, las expectativas para abril no son promisorias en lo que respecta a los precios de los alimentos, en el marco de pron\u00f3sticos alentados por los desempe\u00f1os de los primeros d\u00edas del mes.<\/p>\n<p>En ese sentido, la sucesi\u00f3n de aumentos semanales del 0,8% y 0,9% agregaron un motivo de preocupaci\u00f3n, reflejado en la triplicaci\u00f3n del promedio de inflaci\u00f3n en tres meses, que pas\u00f3 del 1,3% a la segunda semana de enero al 3,9% en la \u00faltima medici\u00f3n.<\/p>\n","protected":false},"excerpt":{"rendered":"<p>La inflaci\u00f3n de marzo super\u00f3 el 3% y rompi\u00f3 con la expectativa del Gobierno. En paralelo, se espera la aprobaci\u00f3n del acuerdo con el FMI &nbsp; &nbsp; La inflaci\u00f3n de marzo fue de 3,7%, super\u00f3 a la de febrero y se alej\u00f3 much\u00edsimo de las ilusiones del Gobierno de romper el piso del 2%. Los incrementos en alimentos y servicios p\u00fablicos empujaron fuerte en el \u00edndice. El aumento en los precios de los alimentos marc\u00f3 un cambio en la composici\u00f3n de la inflaci\u00f3n, relegando a un segundo plano los incrementos&#8230;<\/p>\n","protected":false},"author":3,"featured_media":89353,"comment_status":"closed","ping_status":"closed","sticky":false,"template":"","format":"standard","meta":[],"categories":[2],"tags":[],"_links":{"self":[{"href":"https:\/\/www.actualidadadiario.com\/index.php\/wp-json\/wp\/v2\/posts\/127120"}],"collection":[{"href":"https:\/\/www.actualidadadiario.com\/index.php\/wp-json\/wp\/v2\/posts"}],"about":[{"href":"https:\/\/www.actualidadadiario.com\/index.php\/wp-json\/wp\/v2\/types\/post"}],"author":[{"embeddable":true,"href":"https:\/\/www.actualidadadiario.com\/index.php\/wp-json\/wp\/v2\/users\/3"}],"replies":[{"embeddable":true,"href":"https:\/\/www.actualidadadiario.com\/index.php\/wp-json\/wp\/v2\/comments?post=127120"}],"version-history":[{"count":2,"href":"https:\/\/www.actualidadadiario.com\/index.php\/wp-json\/wp\/v2\/posts\/127120\/revisions"}],"predecessor-version":[{"id":127165,"href":"https:\/\/www.actualidadadiario.com\/index.php\/wp-json\/wp\/v2\/posts\/127120\/revisions\/127165"}],"wp:featuredmedia":[{"embeddable":true,"href":"https:\/\/www.actualidadadiario.com\/index.php\/wp-json\/wp\/v2\/media\/89353"}],"wp:attachment":[{"href":"https:\/\/www.actualidadadiario.com\/index.php\/wp-json\/wp\/v2\/media?parent=127120"}],"wp:term":[{"taxonomy":"category","embeddable":true,"href":"https:\/\/www.actualidadadiario.com\/index.php\/wp-json\/wp\/v2\/categories?post=127120"},{"taxonomy":"post_tag","embeddable":true,"href":"https:\/\/www.actualidadadiario.com\/index.php\/wp-json\/wp\/v2\/tags?post=127120"}],"curies":[{"name":"wp","href":"https:\/\/api.w.org\/{rel}","templated":true}]}}