{"id":127118,"date":"2025-04-11T12:59:49","date_gmt":"2025-04-11T15:59:49","guid":{"rendered":"https:\/\/www.actualidadadiario.com\/?p=127118"},"modified":"2025-04-11T12:59:49","modified_gmt":"2025-04-11T15:59:49","slug":"la-inflacion-de-los-trabajadores-fue-de-31-en-marzo-y-marco-la-mas-alta-en-seis-meses","status":"publish","type":"post","link":"https:\/\/www.actualidadadiario.com\/index.php\/2025\/04\/11\/la-inflacion-de-los-trabajadores-fue-de-31-en-marzo-y-marco-la-mas-alta-en-seis-meses\/","title":{"rendered":"La inflaci\u00f3n de los trabajadores fue de 3,1% en marzo y marc\u00f3 la m\u00e1s alta en seis meses"},"content":{"rendered":"<p style=\"text-align: center;\"><em><strong>El informe del Instituto de Estad\u00edstica de los Trabajadores (IET) reflej\u00f3 una aceleraci\u00f3n de 0,7 puntos con respecto a febrero. Durante este viernes, el INDEC dar\u00e1 a conocer el \u00cdndice de Precios al Consumidor<\/strong><\/em><\/p>\n<p>&nbsp;<\/p>\n<p>&nbsp;<\/p>\n<p>Seg\u00fan la medici\u00f3n que realizaron desde el Instituto de Estad\u00edstico de los Trabajadores (IET) de la Universidad Metropolitana para la Educaci\u00f3n y el Trabajo (UMET) y del Centro parta la Concertaci\u00f3n y el Desarrollo (CCD), la inflaci\u00f3n de marzo fue del 3,1%. Seg\u00fan el informe, el dato revela una aceleraci\u00f3n del 0,7% con respecto al resultado de febrero.<\/p>\n<p>El dato puede explicarse, en parte, por la suba de los alimentos por encima de la media. Durante este viernes, el INDEC dar\u00e1 a conocer el \u00cdndice de Precios al Consumidor (IPC) de marzo.<\/p>\n<p>&nbsp;<\/p>\n<p><strong>La inflaci\u00f3n se aceler\u00f3 en marzo<\/strong><\/p>\n<p>En detalle, la inflaci\u00f3n del 3,1% es la m\u00e1s alta desde septiembre de 2023. En tanto, la medici\u00f3n interanual fue del 56,9%, el menor registro desde marzo 2022.<\/p>\n<p>Seg\u00fan detalla el informe, la aceleraci\u00f3n en marzo con respecto al dato de febrero (2,4%) se explica por el aumento de ciertos sectores como educaci\u00f3n, que trep\u00f3 14,3%, Este momento del a\u00f1o est\u00e1 marcado por una alta estacionalidad producto del inicio de las clases, que trae aparejado la actualizaci\u00f3n de las cuotas de los colegios privados.<\/p>\n<p>Por otro lado, una vez m\u00e1s el relevamiento detect\u00f3 una suba en el rubro de alimentos y bebidas no alcoh\u00f3licas que registr\u00f3 un aumento del 5,4% en sus precios y se consagr\u00f3 como la m\u00e1s alta en un a\u00f1o. Esto explica por qu\u00e9, en marzo, a inflaci\u00f3n fue m\u00e1s alta en los hogares de menores ingresos. En detalle, el pico se dio en los deciles 1 y 2 &#8211; 20% con menores ingresos &#8211; con 3,24% y 3,32% respectivamente.<\/p>\n<p>En este sentido, el coordinador general del IET, Fabi\u00e1n Amico sostuvo que \u201cpese a que el registro de 3,1% en marzo parece estar liderado por el rubro Educaci\u00f3n, que trep\u00f3 un significativo 14,3% en marzo, en verdad el rubro que impuls\u00f3 la aceleraci\u00f3n de la inflaci\u00f3n promedio fue alimentos (+5,4%) dada su elevada ponderaci\u00f3n en el \u00edndice general. Carnes y verduras explican este aumento, pero no se detiene all\u00ed. La proximidad del acuerdo con el FMI aument\u00f3 con fuerza las expectativas de devaluaci\u00f3n y dej\u00f3 sin credibilidad el crawling peg dispuesto por el gobierno al 1% mensual. Esta situaci\u00f3n encierra la amenaza latente de una aceleraci\u00f3n inflacionaria adicional, ya que, como ocurri\u00f3 en otros momentos de intensa presi\u00f3n cambiaria y disrupci\u00f3n financiera, muchas empresas podr\u00edan comenzar a ajustar preventivamente los precios ante la inminencia de un cambio en el ritmo de devaluaci\u00f3n\u201d.<\/p>\n<p>Seg\u00fan el director ejecutivo del CCD y exministro de Educaci\u00f3n, Nicol\u00e1s Trotta, \u201cla aceleraci\u00f3n de la inflaci\u00f3n registrada en marzo preocupa porque la fuerte suba del precio de los alimentos se produce a\u00fan con la reducci\u00f3n del crawling peg al 1% mensual definido por el gobierno y en un contexto donde la mayor\u00eda de los salarios ajusta por detr\u00e1s de la inflaci\u00f3n. Todo esto implica aumento de la pobreza y ocurre antes de que entre en vigencia el acuerdo con el FMI que, como todos los analistas coinciden, involucra devaluaci\u00f3n hacia adelante\u201d.<\/p>\n<p>Por otro lado, Trotta asegur\u00f3 que esta inflaci\u00f3n &#8220;tiene lugar en un contexto donde la mayor\u00eda de las paritarias viene ajustando salarios por detr\u00e1s de la inflaci\u00f3n&#8221;. Adem\u00e1s, analiz\u00f3 que &#8220;tiene implicaciones directas en el aumento de la pobreza, cuya canasta tiene alta dominancia de alimentos. Por \u00faltimo, se produce antes de que entre en vigencia el acuerdo con el FMI que, como todos los analistas coinciden, van a involucrar cambios en el ritmo de devaluaci\u00f3n hacia adelante\u201d.<\/p>\n<p>Por \u00faltimo, el informe tambi\u00e9n relev\u00f3 el impacto por nivel sectorial. En detalle, los trabajadores\/as del servicio dom\u00e9stico &#8211; que son los de menores salarios &#8211; fueron los que m\u00e1s sufrieron la inflaci\u00f3n, con 3,29% y le siguieron; trabajadores del transporte (3,25%); comercio (3,23%) y construcci\u00f3n (3,20%).<\/p>\n<p>&nbsp;<\/p>\n<p>&nbsp;<\/p>\n<p><strong>Se conoce la inflaci\u00f3n de marzo: con impulso de alimentos, se prev\u00e9 una aceleraci\u00f3n por segundo mes consecutivo<\/strong><\/p>\n<p>El INDEC dar\u00e1 a conocer este viernes el \u00edndice oficial de inflaci\u00f3n de marzo. En la previa, el consenso entre las consultoras privadas y organismos p\u00fablicos ya apunta a un escenario claro: los precios volvieron a acelerar su ritmo de avance tras el 2,4% registrado en febrero.<\/p>\n<p>&nbsp;<\/p>\n<p>Las estimaciones privadas coinciden en que el \u00cdndice de Precios al Consumidor (IPC) mostr\u00f3 en marzo una din\u00e1mica m\u00e1s intensa, impulsada por factores estacionales, movimientos de precios en alimentos y cierta incertidumbre pol\u00edtica. Uno de los primeros en dar se\u00f1ales de esta aceleraci\u00f3n fue el IPC porte\u00f1o, publicado por el organismo estad\u00edstico de la Ciudad Aut\u00f3noma de Buenos Aires, que mostr\u00f3 una suba del 3,2% mensual. El rubro alimentos y bebidas \u2014con un alza del 4,7%\u2014 fue el principal responsable, aportando 0,83 puntos al \u00edndice.<\/p>\n","protected":false},"excerpt":{"rendered":"<p>El informe del Instituto de Estad\u00edstica de los Trabajadores (IET) reflej\u00f3 una aceleraci\u00f3n de 0,7 puntos con respecto a febrero. Durante este viernes, el INDEC dar\u00e1 a conocer el \u00cdndice de Precios al Consumidor &nbsp; &nbsp; Seg\u00fan la medici\u00f3n que realizaron desde el Instituto de Estad\u00edstico de los Trabajadores (IET) de la Universidad Metropolitana para la Educaci\u00f3n y el Trabajo (UMET) y del Centro parta la Concertaci\u00f3n y el Desarrollo (CCD), la inflaci\u00f3n de marzo fue del 3,1%. Seg\u00fan el informe, el dato revela una aceleraci\u00f3n del 0,7% con respecto&#8230;<\/p>\n","protected":false},"author":3,"featured_media":44237,"comment_status":"closed","ping_status":"closed","sticky":false,"template":"","format":"standard","meta":[],"categories":[2],"tags":[],"_links":{"self":[{"href":"https:\/\/www.actualidadadiario.com\/index.php\/wp-json\/wp\/v2\/posts\/127118"}],"collection":[{"href":"https:\/\/www.actualidadadiario.com\/index.php\/wp-json\/wp\/v2\/posts"}],"about":[{"href":"https:\/\/www.actualidadadiario.com\/index.php\/wp-json\/wp\/v2\/types\/post"}],"author":[{"embeddable":true,"href":"https:\/\/www.actualidadadiario.com\/index.php\/wp-json\/wp\/v2\/users\/3"}],"replies":[{"embeddable":true,"href":"https:\/\/www.actualidadadiario.com\/index.php\/wp-json\/wp\/v2\/comments?post=127118"}],"version-history":[{"count":1,"href":"https:\/\/www.actualidadadiario.com\/index.php\/wp-json\/wp\/v2\/posts\/127118\/revisions"}],"predecessor-version":[{"id":127119,"href":"https:\/\/www.actualidadadiario.com\/index.php\/wp-json\/wp\/v2\/posts\/127118\/revisions\/127119"}],"wp:featuredmedia":[{"embeddable":true,"href":"https:\/\/www.actualidadadiario.com\/index.php\/wp-json\/wp\/v2\/media\/44237"}],"wp:attachment":[{"href":"https:\/\/www.actualidadadiario.com\/index.php\/wp-json\/wp\/v2\/media?parent=127118"}],"wp:term":[{"taxonomy":"category","embeddable":true,"href":"https:\/\/www.actualidadadiario.com\/index.php\/wp-json\/wp\/v2\/categories?post=127118"},{"taxonomy":"post_tag","embeddable":true,"href":"https:\/\/www.actualidadadiario.com\/index.php\/wp-json\/wp\/v2\/tags?post=127118"}],"curies":[{"name":"wp","href":"https:\/\/api.w.org\/{rel}","templated":true}]}}