{"id":127108,"date":"2025-04-14T12:34:30","date_gmt":"2025-04-14T15:34:30","guid":{"rendered":"https:\/\/www.actualidadadiario.com\/?p=127108"},"modified":"2025-04-14T12:40:10","modified_gmt":"2025-04-14T15:40:10","slug":"preocupacion-en-provincias-por-la-baja-demanda-de-reservas-para-semana-santa-3","status":"publish","type":"post","link":"https:\/\/www.actualidadadiario.com\/index.php\/2025\/04\/14\/preocupacion-en-provincias-por-la-baja-demanda-de-reservas-para-semana-santa-3\/","title":{"rendered":"Preocupaci\u00f3n en provincias por la baja demanda de reservas para Semana Santa"},"content":{"rendered":"<p style=\"text-align: center;\"><em><strong>Mendoza, San Juan y Jujuy alertan sobre la baja demanda tur\u00edstica para Semana Santa<\/strong><\/em><\/p>\n<p>&nbsp;<\/p>\n<p>&nbsp;<\/p>\n<p>El fin de semana largo por Semana Santa se acerca y las provincias tur\u00edsticas del pa\u00eds enfrentan una situaci\u00f3n preocupante: las reservas de alojamiento se encuentran muy por debajo de las expectativas. Mendoza, San Juan y Jujuy, que hist\u00f3ricamente han sido destinos populares para los turistas nacionales, informan que las reservas alcanzan solo el 50%, cifra que representa una ca\u00edda significativa en comparaci\u00f3n con el mismo per\u00edodo del a\u00f1o pasado.<\/p>\n<p>Marcelo Rosental, presidente de la C\u00e1mara de Hoteler\u00eda de Mendoza, expres\u00f3 su preocupaci\u00f3n por la situaci\u00f3n. &#8220;No esper\u00e1bamos este panorama. Las reservas no superan el 50% y no hay expectativas de que mejoren&#8221;, dijo Rosental en una entrevista. Seg\u00fan \u00e9l, los turistas han cambiado sus h\u00e1bitos: &#8220;Muchos han dejado las reservas para el \u00faltimo momento, y otros simplemente optaron por quedarse en casa y descansar sin gastar&#8221;, agreg\u00f3. Adem\u00e1s, destac\u00f3 que la baja ocupaci\u00f3n se traduce en una menor actividad econ\u00f3mica en los destinos tur\u00edsticos, donde se observa una ca\u00edda en el consumo. &#8220;El que vino, gast\u00f3 poco. Ya no es el turista que opta por restaurantes de alta gama ni excursiones diarias&#8221;, explic\u00f3.<\/p>\n<p>La situaci\u00f3n en Mendoza ha llegado a tal punto que algunos hoteles han decidido cerrar ciertos d\u00edas de la semana debido a la falta de demanda. &#8220;Hoy estamos en modo supervivencia. Solo los que tienen la capacidad de resistir seguir\u00e1n abiertos&#8221;, concluy\u00f3 Rosental.<\/p>\n<p>&nbsp;<\/p>\n<p><strong>San Juan: La devaluaci\u00f3n y el turismo al exterior<\/strong><\/p>\n<p>La situaci\u00f3n no es muy distinta en San Juan. Ariel Gim\u00e9nez, presidente de la C\u00e1mara de Turismo local, se\u00f1al\u00f3 que las reservas para Semana Santa est\u00e1n por debajo de las expectativas. &#8220;El turismo es una de las primeras actividades afectadas cuando hay dificultades econ\u00f3micas en el pa\u00eds&#8221;, explic\u00f3 Gim\u00e9nez. Seg\u00fan el empresario, la devaluaci\u00f3n de las monedas de pa\u00edses vecinos como Chile y Brasil ha hecho que muchos argentinos prefieran vacacionar en estos destinos m\u00e1s baratos. &#8220;Muchos sanjuaninos han optado por viajar al exterior, y eso impacta directamente en nuestra industria&#8221;, subray\u00f3.<\/p>\n<p>Para contrarrestar la ca\u00edda del turismo receptivo, el sector privado ha apostado al turismo interno. Sin embargo, algunos prestadores tur\u00edsticos de los departamentos m\u00e1s alejados de la provincia se est\u00e1n preguntando si les conviene seguir operando con tan baja demanda.<\/p>\n<p>&nbsp;<\/p>\n<p><strong>Jujuy: La ocupaci\u00f3n hotelera no supera el 50%<\/strong><\/p>\n<p>En el norte del pa\u00eds, en Jujuy, la situaci\u00f3n es similar. Nilda Alabar, concejala de Purmamarca, indic\u00f3 que para Semana Santa la ocupaci\u00f3n hotelera en la provincia ronda solo el 50%. \u201cEl a\u00f1o pasado, por esta \u00e9poca, ya ten\u00edamos reservas completas. Este a\u00f1o, estamos muy por debajo de lo esperado\u201d, explic\u00f3. La concejala tambi\u00e9n destac\u00f3 que las perspectivas para mayo y junio son a\u00fan peores, con una ocupaci\u00f3n hotelera que podr\u00eda caer hasta un 20%.<\/p>\n<p>Sin embargo, el ministro de Cultura y Turismo de Jujuy, Federico Posadas, expres\u00f3 un optimismo moderado, se\u00f1alando que en la Quebrada de Humahuaca, las reservas ya superan el 60% y se esperan niveles de ocupaci\u00f3n cercanos al 80%.<\/p>\n<p>&nbsp;<\/p>\n<p><strong>Col\u00f3n, Entre R\u00edos: Optimismo frente a la crisis<\/strong><\/p>\n<p>A pesar de las dificultades, desde Col\u00f3n, Entre R\u00edos, se mantienen optimistas. Federico Escher, secretario de Turismo y Cultura del municipio, destac\u00f3 que esperan alcanzar un 70% de ocupaci\u00f3n para Semana Santa, gracias a la llegada de turistas de la provincia de Buenos Aires, CABA, Santa Fe y Uruguay. &#8220;Vivimos un fen\u00f3meno nuevo: muchos turistas llegan sin reserva y la cierran al llegar, ya que los destinos no est\u00e1n 100% ocupados como antes&#8221;, explic\u00f3 Escher.<\/p>\n<p>El destino de Col\u00f3n se beneficiar\u00e1 del buen pron\u00f3stico del tiempo, con temperaturas agradables que rondar\u00e1n los 25 grados. Adem\u00e1s, la ciudad forma parte de la Microrregi\u00f3n \u201cTierra de Palmares\u201d, que incluye a otros destinos tur\u00edsticos cercanos, lo que refuerza su atractivo.<\/p>\n<p>La baja en las reservas para Semana Santa es solo una se\u00f1al m\u00e1s de la crisis que atraviesa el turismo argentino, que se ve afectado por el contexto econ\u00f3mico, el alto costo de los viajes y la competencia de destinos extranjeros m\u00e1s baratos. Las provincias tur\u00edsticas, que durante a\u00f1os fueron un pilar del turismo interno, ahora luchan por mantenerse a flote. La situaci\u00f3n, sin embargo, tambi\u00e9n abre un debate sobre el futuro de la actividad tur\u00edstica en el pa\u00eds y la necesidad de adaptarse a nuevos h\u00e1bitos y realidades econ\u00f3micas.<\/p>\n","protected":false},"excerpt":{"rendered":"<p>Mendoza, San Juan y Jujuy alertan sobre la baja demanda tur\u00edstica para Semana Santa &nbsp; &nbsp; El fin de semana largo por Semana Santa se acerca y las provincias tur\u00edsticas del pa\u00eds enfrentan una situaci\u00f3n preocupante: las reservas de alojamiento se encuentran muy por debajo de las expectativas. Mendoza, San Juan y Jujuy, que hist\u00f3ricamente han sido destinos populares para los turistas nacionales, informan que las reservas alcanzan solo el 50%, cifra que representa una ca\u00edda significativa en comparaci\u00f3n con el mismo per\u00edodo del a\u00f1o pasado. Marcelo Rosental, presidente de&#8230;<\/p>\n","protected":false},"author":3,"featured_media":91683,"comment_status":"closed","ping_status":"closed","sticky":false,"template":"","format":"standard","meta":[],"categories":[2],"tags":[],"_links":{"self":[{"href":"https:\/\/www.actualidadadiario.com\/index.php\/wp-json\/wp\/v2\/posts\/127108"}],"collection":[{"href":"https:\/\/www.actualidadadiario.com\/index.php\/wp-json\/wp\/v2\/posts"}],"about":[{"href":"https:\/\/www.actualidadadiario.com\/index.php\/wp-json\/wp\/v2\/types\/post"}],"author":[{"embeddable":true,"href":"https:\/\/www.actualidadadiario.com\/index.php\/wp-json\/wp\/v2\/users\/3"}],"replies":[{"embeddable":true,"href":"https:\/\/www.actualidadadiario.com\/index.php\/wp-json\/wp\/v2\/comments?post=127108"}],"version-history":[{"count":1,"href":"https:\/\/www.actualidadadiario.com\/index.php\/wp-json\/wp\/v2\/posts\/127108\/revisions"}],"predecessor-version":[{"id":127109,"href":"https:\/\/www.actualidadadiario.com\/index.php\/wp-json\/wp\/v2\/posts\/127108\/revisions\/127109"}],"wp:featuredmedia":[{"embeddable":true,"href":"https:\/\/www.actualidadadiario.com\/index.php\/wp-json\/wp\/v2\/media\/91683"}],"wp:attachment":[{"href":"https:\/\/www.actualidadadiario.com\/index.php\/wp-json\/wp\/v2\/media?parent=127108"}],"wp:term":[{"taxonomy":"category","embeddable":true,"href":"https:\/\/www.actualidadadiario.com\/index.php\/wp-json\/wp\/v2\/categories?post=127108"},{"taxonomy":"post_tag","embeddable":true,"href":"https:\/\/www.actualidadadiario.com\/index.php\/wp-json\/wp\/v2\/tags?post=127108"}],"curies":[{"name":"wp","href":"https:\/\/api.w.org\/{rel}","templated":true}]}}