{"id":127101,"date":"2025-04-11T11:17:32","date_gmt":"2025-04-11T14:17:32","guid":{"rendered":"https:\/\/www.actualidadadiario.com\/?p=127101"},"modified":"2025-04-11T11:17:32","modified_gmt":"2025-04-11T14:17:32","slug":"comenzo-una-nueva-edicion-del-trayecto-formativo-escuelas-que-acompanan","status":"publish","type":"post","link":"https:\/\/www.actualidadadiario.com\/index.php\/2025\/04\/11\/comenzo-una-nueva-edicion-del-trayecto-formativo-escuelas-que-acompanan\/","title":{"rendered":"Comenz\u00f3 una nueva edici\u00f3n del trayecto formativo Escuelas que Acompa\u00f1an"},"content":{"rendered":"<p style=\"text-align: center;\"><em><strong>Inici\u00f3 una nueva cohorte del trayecto de acompa\u00f1amiento a las trayectorias escolares, denominado Escuelas que Acompa\u00f1an e impulsado por el Consejo General de Educaci\u00f3n (CGE) y la Fundaci\u00f3n Cimientos. La formaci\u00f3n est\u00e1 destinada a 240 integrantes de los equipos escolares y a 80 escuelas secundarias e institutos de educaci\u00f3n t\u00e9cnico profesional de la provincia<\/strong><\/em><\/p>\n<p>&nbsp;<\/p>\n<p>&nbsp;<\/p>\n<p>La modalidad combina encuentros sincr\u00f3nicos a trav\u00e9s de plataformas virtuales y actividades asincr\u00f3nicas a trav\u00e9s de la plataforma Atam\u00e1 y apunta a fortalecer las capacidades institucionales para acompa\u00f1ar las trayectorias escolares, haciendo foco en su dimensi\u00f3n socioemocional. Con una mirada integral, proactiva e institucional de la funci\u00f3n tutorial como responsabilidad compartida, se apunta a brindar herramientas para que los equipos escolares dise\u00f1en proyectos que favorezcan trayectorias escolares y postescolares completas y continuas.<\/p>\n<p>&#8220;A partir de un enfoque integral esperamos brindar a los equipos escolares herramientas para el dise\u00f1o de proyectos institucionales de acompa\u00f1amiento a las trayectorias escolares para prevenir el abandono escolar. Durante la formaci\u00f3n se trabajar\u00e1 en el an\u00e1lisis de las condiciones de escolaridad, la identificaci\u00f3n de problem\u00e1ticas prioritarias de cada escuela, sus causas e impacto en las trayectorias, y las diversas estrategias de acompa\u00f1amiento con foco en las trayectorias en riesgo&#8221;, se\u00f1al\u00f3 el director de Educaci\u00f3n Secundaria del CGE, Omar Osuna.<\/p>\n<p>Participan de esta edici\u00f3n 60 escuelas secundarias y 20 instituciones de educaci\u00f3n t\u00e9cnico profesional, con un total de 240 destinatarios: un integrante del equipo directivo, un docente y un preceptor por escuela.<\/p>\n","protected":false},"excerpt":{"rendered":"<p>Inici\u00f3 una nueva cohorte del trayecto de acompa\u00f1amiento a las trayectorias escolares, denominado Escuelas que Acompa\u00f1an e impulsado por el Consejo General de Educaci\u00f3n (CGE) y la Fundaci\u00f3n Cimientos. La formaci\u00f3n est\u00e1 destinada a 240 integrantes de los equipos escolares y a 80 escuelas secundarias e institutos de educaci\u00f3n t\u00e9cnico profesional de la provincia &nbsp; &nbsp; La modalidad combina encuentros sincr\u00f3nicos a trav\u00e9s de plataformas virtuales y actividades asincr\u00f3nicas a trav\u00e9s de la plataforma Atam\u00e1 y apunta a fortalecer las capacidades institucionales para acompa\u00f1ar las trayectorias escolares, haciendo foco en&#8230;<\/p>\n","protected":false},"author":3,"featured_media":127102,"comment_status":"closed","ping_status":"closed","sticky":false,"template":"","format":"standard","meta":[],"categories":[15],"tags":[],"_links":{"self":[{"href":"https:\/\/www.actualidadadiario.com\/index.php\/wp-json\/wp\/v2\/posts\/127101"}],"collection":[{"href":"https:\/\/www.actualidadadiario.com\/index.php\/wp-json\/wp\/v2\/posts"}],"about":[{"href":"https:\/\/www.actualidadadiario.com\/index.php\/wp-json\/wp\/v2\/types\/post"}],"author":[{"embeddable":true,"href":"https:\/\/www.actualidadadiario.com\/index.php\/wp-json\/wp\/v2\/users\/3"}],"replies":[{"embeddable":true,"href":"https:\/\/www.actualidadadiario.com\/index.php\/wp-json\/wp\/v2\/comments?post=127101"}],"version-history":[{"count":1,"href":"https:\/\/www.actualidadadiario.com\/index.php\/wp-json\/wp\/v2\/posts\/127101\/revisions"}],"predecessor-version":[{"id":127103,"href":"https:\/\/www.actualidadadiario.com\/index.php\/wp-json\/wp\/v2\/posts\/127101\/revisions\/127103"}],"wp:featuredmedia":[{"embeddable":true,"href":"https:\/\/www.actualidadadiario.com\/index.php\/wp-json\/wp\/v2\/media\/127102"}],"wp:attachment":[{"href":"https:\/\/www.actualidadadiario.com\/index.php\/wp-json\/wp\/v2\/media?parent=127101"}],"wp:term":[{"taxonomy":"category","embeddable":true,"href":"https:\/\/www.actualidadadiario.com\/index.php\/wp-json\/wp\/v2\/categories?post=127101"},{"taxonomy":"post_tag","embeddable":true,"href":"https:\/\/www.actualidadadiario.com\/index.php\/wp-json\/wp\/v2\/tags?post=127101"}],"curies":[{"name":"wp","href":"https:\/\/api.w.org\/{rel}","templated":true}]}}