{"id":127098,"date":"2025-04-11T11:16:21","date_gmt":"2025-04-11T14:16:21","guid":{"rendered":"https:\/\/www.actualidadadiario.com\/?p=127098"},"modified":"2025-04-11T11:16:21","modified_gmt":"2025-04-11T14:16:21","slug":"el-gobierno-oficializo-el-traspaso-de-la-secretaria-de-deportes-a-la-orbita-de-la-gobernacion","status":"publish","type":"post","link":"https:\/\/www.actualidadadiario.com\/index.php\/2025\/04\/11\/el-gobierno-oficializo-el-traspaso-de-la-secretaria-de-deportes-a-la-orbita-de-la-gobernacion\/","title":{"rendered":"El Gobierno oficializ\u00f3 el traspaso de la Secretar\u00eda de Deportes a la \u00f3rbita de la Gobernaci\u00f3n"},"content":{"rendered":"<p style=\"text-align: center;\"><em><strong>El Gobierno provincial formaliz\u00f3, mediante un decreto publicado en el Bolet\u00edn Oficial, la transferencia total de competencias de la Secretar\u00eda de Deportes desde el Ministerio de Desarrollo Humano hacia la Secretar\u00eda General de la Gobernaci\u00f3n, incorporando adem\u00e1s atribuciones establecidas en leyes provinciales vinculadas al deporte<\/strong><\/em><\/p>\n<p>&nbsp;<\/p>\n<p>&nbsp;<\/p>\n<p>El Gobierno Provincial oficializ\u00f3 una ampliaci\u00f3n en el traspaso de competencias de la Secretar\u00eda de Deportes, que ahora quedar\u00e1 completamente bajo la \u00f3rbita de la Secretar\u00eda General de la Gobernaci\u00f3n, luego de que se incorporaran nuevas atribuciones que hasta el momento estaban a cargo del Ministerio de Desarrollo Humano.<\/p>\n<p>La medida qued\u00f3 plasmada en el Bolet\u00edn Oficial N\u00ba 28.073 y viene a complementar una decisi\u00f3n previa tomada a fines de 2024, cuando se resolvi\u00f3 el traslado administrativo del \u00e1rea.<\/p>\n<p>\u201cCorresponde ampliar la transferencia de competencias efectuada por el Decreto N\u00b0 3678\/24 GOB e incorporar las atribuciones previstas en las Leyes Provinciales N\u00b0 8347 y N\u00b0 10373 que actualmente se encuentran bajo la \u00f3rbita del Ministerio de Desarrollo Humano\u201d, se\u00f1ala el decreto.<\/p>\n<p>Estas leyes hacen referencia, entre otras cosas, a la Ley del Deporte (N\u00b0 8347), que regula el desarrollo y la promoci\u00f3n de la actividad f\u00edsica en la Provincia, y a normas vinculadas a pol\u00edticas p\u00fablicas deportivas.<\/p>\n<p>\u201cResulta necesario transferir a la Secretar\u00eda General de la Gobernaci\u00f3n todas las competencias, recursos y responsabilidades necesarias para el cumplimiento efectivo de dichas funciones\u201d, indica el texto.<\/p>\n<p>Con esta modificaci\u00f3n, la Secretar\u00eda General no solo absorber\u00e1 funciones administrativas sino tambi\u00e9n las competencias legales y operativas necesarias para ejecutar planes, programas y pol\u00edticas deportivas en todo el territorio provincial.<\/p>\n","protected":false},"excerpt":{"rendered":"<p>El Gobierno provincial formaliz\u00f3, mediante un decreto publicado en el Bolet\u00edn Oficial, la transferencia total de competencias de la Secretar\u00eda de Deportes desde el Ministerio de Desarrollo Humano hacia la Secretar\u00eda General de la Gobernaci\u00f3n, incorporando adem\u00e1s atribuciones establecidas en leyes provinciales vinculadas al deporte &nbsp; &nbsp; El Gobierno Provincial oficializ\u00f3 una ampliaci\u00f3n en el traspaso de competencias de la Secretar\u00eda de Deportes, que ahora quedar\u00e1 completamente bajo la \u00f3rbita de la Secretar\u00eda General de la Gobernaci\u00f3n, luego de que se incorporaran nuevas atribuciones que hasta el momento estaban a&#8230;<\/p>\n","protected":false},"author":3,"featured_media":127099,"comment_status":"closed","ping_status":"closed","sticky":false,"template":"","format":"standard","meta":[],"categories":[15],"tags":[],"_links":{"self":[{"href":"https:\/\/www.actualidadadiario.com\/index.php\/wp-json\/wp\/v2\/posts\/127098"}],"collection":[{"href":"https:\/\/www.actualidadadiario.com\/index.php\/wp-json\/wp\/v2\/posts"}],"about":[{"href":"https:\/\/www.actualidadadiario.com\/index.php\/wp-json\/wp\/v2\/types\/post"}],"author":[{"embeddable":true,"href":"https:\/\/www.actualidadadiario.com\/index.php\/wp-json\/wp\/v2\/users\/3"}],"replies":[{"embeddable":true,"href":"https:\/\/www.actualidadadiario.com\/index.php\/wp-json\/wp\/v2\/comments?post=127098"}],"version-history":[{"count":1,"href":"https:\/\/www.actualidadadiario.com\/index.php\/wp-json\/wp\/v2\/posts\/127098\/revisions"}],"predecessor-version":[{"id":127100,"href":"https:\/\/www.actualidadadiario.com\/index.php\/wp-json\/wp\/v2\/posts\/127098\/revisions\/127100"}],"wp:featuredmedia":[{"embeddable":true,"href":"https:\/\/www.actualidadadiario.com\/index.php\/wp-json\/wp\/v2\/media\/127099"}],"wp:attachment":[{"href":"https:\/\/www.actualidadadiario.com\/index.php\/wp-json\/wp\/v2\/media?parent=127098"}],"wp:term":[{"taxonomy":"category","embeddable":true,"href":"https:\/\/www.actualidadadiario.com\/index.php\/wp-json\/wp\/v2\/categories?post=127098"},{"taxonomy":"post_tag","embeddable":true,"href":"https:\/\/www.actualidadadiario.com\/index.php\/wp-json\/wp\/v2\/tags?post=127098"}],"curies":[{"name":"wp","href":"https:\/\/api.w.org\/{rel}","templated":true}]}}