{"id":127095,"date":"2025-04-11T11:09:53","date_gmt":"2025-04-11T14:09:53","guid":{"rendered":"https:\/\/www.actualidadadiario.com\/?p=127095"},"modified":"2025-04-11T11:09:53","modified_gmt":"2025-04-11T14:09:53","slug":"las-nubes-y-la-humedad-seguiran-presentes-el-fin-de-semana-en-entre-rios","status":"publish","type":"post","link":"https:\/\/www.actualidadadiario.com\/index.php\/2025\/04\/11\/las-nubes-y-la-humedad-seguiran-presentes-el-fin-de-semana-en-entre-rios\/","title":{"rendered":"Las nubes y la humedad seguir\u00e1n presentes el fin de semana en Entre R\u00edos"},"content":{"rendered":"<p style=\"text-align: center;\"><em><strong>No se esperan cambios importantes en las temperaturas. Habr\u00e1 mejoramientos temporarios, con sol incluso, pero el cielo seguir\u00e1 amenazante<\/strong><\/em><\/p>\n<p>&nbsp;<\/p>\n<p>&nbsp;<\/p>\n<p>El frente fr\u00edo que impactar\u00e1 en el sur del pa\u00eds, no llegar\u00e1 al centro y norte del pa\u00eds. Por ello, en el caso de Entre R\u00edos, no se aguardan cambios importantes en las condiciones del tiempo durante el fin de semana y los primeros d\u00edas de la semana.<\/p>\n<p>Seg\u00fan el Servicio Meteorol\u00f3gico Nacional -SMN-, se prev\u00e9n d\u00edas similares, con temperaturas m\u00ednimas de entre 14 y 17 grados, mientras que las m\u00e1ximas se ubicar\u00e1n entre 24 y 25 grados. La humedad, adem\u00e1s, se mantendr\u00e1 elevada, por encima del 90%.<\/p>\n<p>Para este viernes se pronostican cielo mayormente nublado en la provincia. Incluso, en horas de la tarde no se descartan posibles chaparrones aislados en algunas zonas de Entre R\u00edos. Hacia la noche continuar\u00e1 elevada la nubosidad.<\/p>\n<p>Para este s\u00e1bado, en tanto, se prev\u00e9 tambi\u00e9n que est\u00e9 mayormente nublado en Entre R\u00edos. El cielo estar\u00e1 amenazante. Soplar\u00e1 algo de viento sur a la tarde y la noche, pero no se aguarda un cambio importante. S\u00f3lo el domingo bajar\u00eda levemente la m\u00ednima a 14 grados.<\/p>\n<p>El domingo se anticipa menor nubosidad. Se prev\u00e9 cielo entre algo y parcialmente nublado, con mayor presencia de sol. Sin embargo, volver\u00e1 el viento norte y de cara al lunes se aguarda nuevamente un aumento de la nubosidad e inestabilidad.<\/p>\n","protected":false},"excerpt":{"rendered":"<p>No se esperan cambios importantes en las temperaturas. Habr\u00e1 mejoramientos temporarios, con sol incluso, pero el cielo seguir\u00e1 amenazante &nbsp; &nbsp; El frente fr\u00edo que impactar\u00e1 en el sur del pa\u00eds, no llegar\u00e1 al centro y norte del pa\u00eds. Por ello, en el caso de Entre R\u00edos, no se aguardan cambios importantes en las condiciones del tiempo durante el fin de semana y los primeros d\u00edas de la semana. Seg\u00fan el Servicio Meteorol\u00f3gico Nacional -SMN-, se prev\u00e9n d\u00edas similares, con temperaturas m\u00ednimas de entre 14 y 17 grados, mientras que&#8230;<\/p>\n","protected":false},"author":3,"featured_media":127096,"comment_status":"closed","ping_status":"closed","sticky":false,"template":"","format":"standard","meta":[],"categories":[15],"tags":[],"_links":{"self":[{"href":"https:\/\/www.actualidadadiario.com\/index.php\/wp-json\/wp\/v2\/posts\/127095"}],"collection":[{"href":"https:\/\/www.actualidadadiario.com\/index.php\/wp-json\/wp\/v2\/posts"}],"about":[{"href":"https:\/\/www.actualidadadiario.com\/index.php\/wp-json\/wp\/v2\/types\/post"}],"author":[{"embeddable":true,"href":"https:\/\/www.actualidadadiario.com\/index.php\/wp-json\/wp\/v2\/users\/3"}],"replies":[{"embeddable":true,"href":"https:\/\/www.actualidadadiario.com\/index.php\/wp-json\/wp\/v2\/comments?post=127095"}],"version-history":[{"count":1,"href":"https:\/\/www.actualidadadiario.com\/index.php\/wp-json\/wp\/v2\/posts\/127095\/revisions"}],"predecessor-version":[{"id":127097,"href":"https:\/\/www.actualidadadiario.com\/index.php\/wp-json\/wp\/v2\/posts\/127095\/revisions\/127097"}],"wp:featuredmedia":[{"embeddable":true,"href":"https:\/\/www.actualidadadiario.com\/index.php\/wp-json\/wp\/v2\/media\/127096"}],"wp:attachment":[{"href":"https:\/\/www.actualidadadiario.com\/index.php\/wp-json\/wp\/v2\/media?parent=127095"}],"wp:term":[{"taxonomy":"category","embeddable":true,"href":"https:\/\/www.actualidadadiario.com\/index.php\/wp-json\/wp\/v2\/categories?post=127095"},{"taxonomy":"post_tag","embeddable":true,"href":"https:\/\/www.actualidadadiario.com\/index.php\/wp-json\/wp\/v2\/tags?post=127095"}],"curies":[{"name":"wp","href":"https:\/\/api.w.org\/{rel}","templated":true}]}}