{"id":127089,"date":"2025-04-14T08:07:13","date_gmt":"2025-04-14T11:07:13","guid":{"rendered":"https:\/\/www.actualidadadiario.com\/?p=127089"},"modified":"2025-04-14T10:12:51","modified_gmt":"2025-04-14T13:12:51","slug":"impuesto-inmobiliario-urbano-2025-el-vencimiento-se-reprogramo-al-28-de-abril","status":"publish","type":"post","link":"https:\/\/www.actualidadadiario.com\/index.php\/2025\/04\/14\/impuesto-inmobiliario-urbano-2025-el-vencimiento-se-reprogramo-al-28-de-abril\/","title":{"rendered":"Impuesto Inmobiliario Urbano 2025: el vencimiento se reprogram\u00f3 al 28 de abril"},"content":{"rendered":"<p style=\"text-align: center;\"><em><strong>La Administradora Tributaria de Entre R\u00edos (ATER) informa que el lunes 28 de abril vence el plazo para abonar el pago \u00fanico anual o bien la primera cuota del Impuesto Inmobiliario Urbano 2025 (dependiendo de la opci\u00f3n que tome el contribuyente), correspondiente a todas las partidas<\/strong><\/em><\/p>\n<p>&nbsp;<\/p>\n<p>&nbsp;<\/p>\n<p>Esta fecha fue reprogramada -extendiendo en 15 d\u00edas el plazo inicialmente previsto- con el fin de beneficiar a los contribuyentes e incentivar el cumplimiento.<\/p>\n<p>Abonar los tributos en las fechas establecidas evita recargos e intereses, consolidando una gesti\u00f3n fiscal ordenada y fortaleciendo los recursos del Estado para garantizar servicios, obras y pol\u00edticas p\u00fablicas en toda la provincia.<\/p>\n<p>Adem\u00e1s del vencimiento del Inmobiliario Urbano, durante abril operan las siguientes fechas del calendario tributario:<\/p>\n<p>&nbsp;<\/p>\n<p><strong>Calendario de vencimientos \u2013 abril 2025<\/strong><\/p>\n<p><strong>Impuesto sobre los Ingresos Brutos \u2013 R\u00e9gimen General<\/strong><\/p>\n<p>Agentes de Retenci\u00f3n y Percepci\u00f3n (SIRCAR) \u2013 per\u00edodo marzo:<\/p>\n<ul>\n<li>CUIT terminados en 0 a 4: 08\/04\/2025<\/li>\n<li>CUIT terminados en 5 a 9: 09\/04\/2025<\/li>\n<\/ul>\n<p>Declaraci\u00f3n Jurada Mensual \u2013 per\u00edodo marzo:<\/p>\n<ul>\n<li>Todos los CUIT: 10\/04\/2025<\/li>\n<\/ul>\n<p>&nbsp;<\/p>\n<p><strong>Impuesto sobre los Ingresos Brutos \u2013 R\u00e9gimen Simplificado (Monotributo)<\/strong><\/p>\n<p>Pago unificado (componente nacional y provincial):<\/p>\n<ul>\n<li>Todas las categor\u00edas y terminaciones de CUIT: 21\/04\/2025<\/li>\n<\/ul>\n<p>&nbsp;<\/p>\n<p><strong>Ingresos Brutos \u2013 Convenio Multilateral<\/strong><\/p>\n<p>Declaraci\u00f3n Jurada \u2013 per\u00edodo marzo:<\/p>\n<ul>\n<li>CUIT terminados en 0 a 2: 15\/04\/2025<\/li>\n<li>CUIT terminados en 3 a 5: 16\/04\/2025<\/li>\n<li>CUIT terminados en 6 a 7: 21\/04\/2025<\/li>\n<li>CUIT terminados en 8 a 9: 22\/04\/2025<\/li>\n<\/ul>\n<p>&nbsp;<\/p>\n<p><strong>Ejercicio de Profesiones Liberales<\/strong><\/p>\n<p>Agentes de Retenci\u00f3n \u2013 per\u00edodo marzo:<\/p>\n<ul>\n<li>CUIT terminados en 0 a 4: 08\/04\/2025<\/li>\n<li>CUIT terminados en 5 a 9: 09\/04\/2025<\/li>\n<\/ul>\n<p>&nbsp;<\/p>\n<p><strong>Declaraci\u00f3n Jurada \u2013 per\u00edodo marzo:<\/strong><\/p>\n<ul>\n<li>CUIT terminados en 0 y 1: 21\/04\/2025<\/li>\n<li>CUIT terminados en 2 y 3: 22\/04\/2025<\/li>\n<li>CUIT terminados en 4 y 5: 23\/04\/2025<\/li>\n<li>CUIT terminados en 6 y 7: 24\/04\/2025<\/li>\n<li>CUIT terminados en 8 y 9: 25\/04\/2025<\/li>\n<\/ul>\n<p>&nbsp;<\/p>\n<p><strong>Derecho de Extracci\u00f3n de Minerales \u2013 Ley 5005<\/strong><\/p>\n<p>Declaraci\u00f3n Jurada \u2013 per\u00edodo marzo:<\/p>\n<ul>\n<li>Todos los CUIT: 21\/04\/2025<\/li>\n<\/ul>\n<p>&nbsp;<\/p>\n<p><strong>Impuesto de Sellos \u2013 Retenciones y Percepciones<\/strong><\/p>\n<ul>\n<li>Fecha unificada seg\u00fan r\u00e9gimen especial: 11\/04\/2025<\/li>\n<\/ul>\n<p>&nbsp;<\/p>\n<p><strong>SIRTAC \u2013 Retenciones por Tarjetas de Cr\u00e9dito y Compra<\/strong><\/p>\n<p>Segunda quincena de marzo:<\/p>\n<ul>\n<li>Presentaci\u00f3n: 09\/04\/2025<\/li>\n<li>Pago: 10\/04\/2025<\/li>\n<\/ul>\n<p>Primera quincena de abril:<\/p>\n<ul>\n<li>Presentaci\u00f3n: 25\/04\/2025<\/li>\n<li>Pago: 28\/04\/2025<\/li>\n<\/ul>\n<p>La agenda de vencimientos se encuentra publicada y permanentemente actualizada en el sitio oficial del organismo: www.ater.gob.ar<\/p>\n<p>Para consultas o gestiones, ATER recuerda que est\u00e1n disponibles los siguientes canales de atenci\u00f3n:<\/p>\n<ul>\n<li>Correo electr\u00f3nico: consultas@ater.gob.ar<\/li>\n<li>Tel\u00e9fono del SAC (Servicio de Atenci\u00f3n al Ciudadano): 0810 888 2837 (lunes a viernes, de 8 a 13)<\/li>\n<li>Oficinas presenciales en toda la provincia<\/li>\n<\/ul>\n<p>El cumplimiento voluntario y responsable de las obligaciones fiscales es fundamental para el desarrollo sostenible de Entre R\u00edos.<\/p>\n","protected":false},"excerpt":{"rendered":"<p>La Administradora Tributaria de Entre R\u00edos (ATER) informa que el lunes 28 de abril vence el plazo para abonar el pago \u00fanico anual o bien la primera cuota del Impuesto Inmobiliario Urbano 2025 (dependiendo de la opci\u00f3n que tome el contribuyente), correspondiente a todas las partidas &nbsp; &nbsp; Esta fecha fue reprogramada -extendiendo en 15 d\u00edas el plazo inicialmente previsto- con el fin de beneficiar a los contribuyentes e incentivar el cumplimiento. Abonar los tributos en las fechas establecidas evita recargos e intereses, consolidando una gesti\u00f3n fiscal ordenada y fortaleciendo&#8230;<\/p>\n","protected":false},"author":3,"featured_media":42854,"comment_status":"closed","ping_status":"closed","sticky":false,"template":"","format":"standard","meta":[],"categories":[15],"tags":[],"_links":{"self":[{"href":"https:\/\/www.actualidadadiario.com\/index.php\/wp-json\/wp\/v2\/posts\/127089"}],"collection":[{"href":"https:\/\/www.actualidadadiario.com\/index.php\/wp-json\/wp\/v2\/posts"}],"about":[{"href":"https:\/\/www.actualidadadiario.com\/index.php\/wp-json\/wp\/v2\/types\/post"}],"author":[{"embeddable":true,"href":"https:\/\/www.actualidadadiario.com\/index.php\/wp-json\/wp\/v2\/users\/3"}],"replies":[{"embeddable":true,"href":"https:\/\/www.actualidadadiario.com\/index.php\/wp-json\/wp\/v2\/comments?post=127089"}],"version-history":[{"count":1,"href":"https:\/\/www.actualidadadiario.com\/index.php\/wp-json\/wp\/v2\/posts\/127089\/revisions"}],"predecessor-version":[{"id":127090,"href":"https:\/\/www.actualidadadiario.com\/index.php\/wp-json\/wp\/v2\/posts\/127089\/revisions\/127090"}],"wp:featuredmedia":[{"embeddable":true,"href":"https:\/\/www.actualidadadiario.com\/index.php\/wp-json\/wp\/v2\/media\/42854"}],"wp:attachment":[{"href":"https:\/\/www.actualidadadiario.com\/index.php\/wp-json\/wp\/v2\/media?parent=127089"}],"wp:term":[{"taxonomy":"category","embeddable":true,"href":"https:\/\/www.actualidadadiario.com\/index.php\/wp-json\/wp\/v2\/categories?post=127089"},{"taxonomy":"post_tag","embeddable":true,"href":"https:\/\/www.actualidadadiario.com\/index.php\/wp-json\/wp\/v2\/tags?post=127089"}],"curies":[{"name":"wp","href":"https:\/\/api.w.org\/{rel}","templated":true}]}}