{"id":127073,"date":"2025-04-10T14:04:38","date_gmt":"2025-04-10T17:04:38","guid":{"rendered":"https:\/\/www.actualidadadiario.com\/?p=127073"},"modified":"2025-04-10T15:25:37","modified_gmt":"2025-04-10T18:25:37","slug":"desde-la-cgt-evaluan-al-paro-como-importante-con-un-ausentismo-muy-grande","status":"publish","type":"post","link":"https:\/\/www.actualidadadiario.com\/index.php\/2025\/04\/10\/desde-la-cgt-evaluan-al-paro-como-importante-con-un-ausentismo-muy-grande\/","title":{"rendered":"Desde la CGT eval\u00faan al paro como \u201cimportante, con un ausentismo muy grande\u201d"},"content":{"rendered":"<p style=\"text-align: center;\"><em><strong>\u201cHay una reacci\u00f3n de descontento, no alcanza para llegar a fin de mes. La gente se da cuenta. En 2025 baj\u00f3 el consumo y estamos viendo que todos los salarios de todas las actividades est\u00e1n deteriorados\u201d, manifest\u00f3 el secretario adjunto de la central obrera, Andr\u00e9s Rodr\u00edguez. Tambi\u00e9n calificaron al paro como \u201ctotal\u201d desde ATE, La Fraternidad y gremios aeron\u00e1uticos<\/strong><\/em><\/p>\n<p>&nbsp;<\/p>\n<p>&nbsp;<\/p>\n<p>Andr\u00e9s Rodr\u00edguez, secretario adjunto de la Confederaci\u00f3n General del Trabajo (CGT) afirm\u00f3 que \u201cel paro est\u00e1 siendo importante\u201d y que desde varios sindicatos informaron que \u201chay un ausentismo muy grande\u201d en la mayor\u00eda de los gremios adheridos.<\/p>\n<p>El sindicalista, secretario general de UPCN (Uni\u00f3n del Personal Civil de la Naci\u00f3n), explic\u00f3 que la media surge porque \u201cla gente la est\u00e1 pasando mal\u201d, debido al plan de ajuste llevado adelante por la gesti\u00f3n del presidente Javier Milei, que se vino incrementando desde su asunci\u00f3n, en diciembre de 2023.<\/p>\n<p>\u201cEs la convicci\u00f3n de la gente lo que est\u00e1 pasando. Hay una reacci\u00f3n de descontento, donde no les alcanza para llegar a fin de mes. La gente se da cuenta. Ya es objetivo: en 2025 baj\u00f3 el consumo y estamos viendo que todos los salarios de todas las actividades est\u00e1n deteriorados\u201d, manifest\u00f3 Rodr\u00edguez en declaraciones a Radio Rivadavia.<\/p>\n<p>Por otra parte, y en referencia a las medidas que toman ciertos empleadores y empresas con respecto a los trabajadores que se adhirieron al paro, sostuvo que \u201ces lamentable que les descuenten el d\u00eda\u201d porque \u201chay un derecho legal\u201d que los ampara. Asimismo, indic\u00f3 que \u201cel paro se est\u00e1 notando\u201d y que es importante \u201cpara hacer cambiar la pol\u00edtica\u201d.<\/p>\n<p>Con respecto a la relaci\u00f3n que tiene la CGT con el Gobierno Nacional, manifestaron que \u201clas pocas veces\u201d que los llamaron para una mesa de di\u00e1logo, \u201cfueron con propuestas\u201d, pero no recibieron \u201cninguna respuesta\u201d a las inquietudes planteadas por la central; adem\u00e1s justificaron el tiempo que esperaron para proponer un paro general.<\/p>\n<p>\u201cNo nos quedamos quietos en ninguna situaci\u00f3n. En otros momentos, tuvimos m\u00e1s oportunidad de negociaci\u00f3n y ahora no y pareciera que la decisi\u00f3n de la CGT fue acertada. La idea es que, si el Gobierno tiene un sentido de generar una situaci\u00f3n positiva, deber\u00eda buscar un encuentro, una salida consensuada. Ser\u00eda lo l\u00f3gico\u201d, se\u00f1al\u00f3 el secretario adjunto.<\/p>\n<p>En otro orden, diferenci\u00f3 esta gesti\u00f3n con la del ex presidente Alberto Fern\u00e1ndez debido a que hab\u00eda \u201cotras condiciones\u201d porque vivimos \u201cdos a\u00f1os en cuarentena por la pandemia\u201d y \u201cla preocupaci\u00f3n del pa\u00eds\u201d estaba enfocada en otra prioridad.<\/p>\n<p>\u201cHay 6 millones de empleados en actividad privada y 3 en la p\u00fablica. En ese n\u00facleo, estamos notando que la gran mayor\u00eda est\u00e1 acatando la medida de fuerza. Tanto el gobierno anterior como el de (Mauricio) Macri, fracasaron en el tema del subsidio, tendr\u00edan que haber generado una pol\u00edtica de empleo. Este Gobierno est\u00e1 haciendo lo mismo pero peor porque est\u00e1 echando gente\u201d, concluy\u00f3.<\/p>\n<p>&nbsp;<\/p>\n<p><strong>ATE: \u201cEste gobierno solo entiende el lenguaje de la fuerza\u201d<\/strong><\/p>\n<p>Por su parte, Rodolfo Aguiar, secretario general de ATE, consider\u00f3 que en la medida de fuerza llevada a cabo por las centrales obreras, \u201chay total responsabilidad de la Casa Rosada\u201d. \u201cLos trabajadores no queremos parar, es la \u00faltima instancia. Este gobierno no tiene al di\u00e1logo entre sus herramientas de gesti\u00f3n, solo entienden el lenguaje de la fuerza y yo ahora me entusiasmo, porque casi nos doblaban el brazo, pero empezamos a recuperarnos\u201d, analiz\u00f3.<\/p>\n<p>Seg\u00fan Aguiar, desde la asociaci\u00f3n que nuclea a los trabajadores del Estado, \u201cno defendemos vagos, defendemos trabajadores que se esfuerzan todos los d\u00edas y dan su vida para garantizar el funcionamiento del Estado\u201d.<\/p>\n<p>\u201cCada vez que se destruye un puesto de trabajo en el Estado se desmantela una pol\u00edtica p\u00fablica y se pierde un derecho. Desmantelaron el Servicio Meteorol\u00f3gico Nacional y no pudieron predecir la cat\u00e1strofe de Bah\u00eda Blanca\u201d, sentenci\u00f3 Aguiar en declaraciones a Radio La Red.<\/p>\n<p>&nbsp;<\/p>\n<p><strong>Aeroparque y Ezeiza, con 100% de acatamiento al paro<\/strong><\/p>\n<p>El secretario general de la Asociaci\u00f3n de Pilotos de L\u00edneas A\u00e9reas (APLA), Pablo Biro, afirm\u00f3 esta ma\u00f1ana que en su gremio hay \u201cun 100 por ciento de acatamiento\u201d al paro de hoy de la CGT, y anticip\u00f3 que la semana pr\u00f3xima habr\u00e1 una medida de fuerza de 12 horas del sector aeron\u00e1utico.<\/p>\n<p>\u201cEn pilotos hay un 100 por ciento de acatamiento en aeroparque y en Ezeiza no va a haber actividad en toda la jornada\u201d, expres\u00f3 el gremialista en declaraciones a Radio Splendid.<\/p>\n<p>Biro explic\u00f3 que \u201cun paro general es una forma de interpelar al Gobierno, es una forma de decir que necesitamos respuestas, necesitamos mesas de di\u00e1logo, alguien se los tiene que decir\u201d.<\/p>\n<p>El dirigente de los pilotos sostuvo que el Gobierno \u201cse hace autopropagada de la crueldad con la que ejecuta las pol\u00edticas p\u00fablicas y lastima a los sectores m\u00e1s d\u00e9biles\u201d<\/p>\n<p>\u201cEn la Argentina hay \u2018timba\u2019 financiera mientras la industria se est\u00e1 cayendo a pedazos, publican n\u00fameros enga\u00f1osos de la inflaci\u00f3n, cuando los combustibles, la energ\u00eda y los servicios p\u00fablicos vuelan por el aire y los trabajadores con empleo formal no llegan a fin de mes\u201d, manifest\u00f3.<\/p>\n<p>En alusi\u00f3n al paro de hoy de 24 horas expres\u00f3 que el reclamo de la CGT y las dos CTA \u201ces genuino\u201d y subray\u00f3 su deseo de que \u201cel paro motive a que den alg\u00fan tipo de soluci\u00f3n\u201d a los reclamos de los trabajadores.<\/p>\n<p>Puntualiz\u00f3 que en el sector aeron\u00e1utico hoy hay \u201cmenos flota, despidos, achicamiento, cierre de sucursales, vaciamiento\u201d, y ahora \u201cque da ganancias, pedimos paritarias y nos dicen que despu\u00e9s de Semana Santa hablaremos\u201d.<\/p>\n<p>\u201cPor eso anunciamos para el d\u00eda 16 de abril, antes de semana santa, un paro total de actividades por 12 horas. No puede ser que la m\u00e1xima conducci\u00f3n de la compa\u00f1\u00eda por un lado diga que hay ganancias y por otro no corrija los salarios que vienen degradados\u201d, asever\u00f3.<\/p>\n<p>&nbsp;<\/p>\n<p><strong>Paro total en trenes<\/strong><\/p>\n<p>Agust\u00edn Special, vocero de La Fraternidad, el gremio que nuclea a los trabajadores de ferrocarriles, dijo este jueves que en lo que respecta a los trenes \u201cel paro es total\u201d.<\/p>\n<p>Para el dirigente sindical, \u201cla CGT al fin reaccion\u00f3 y mand\u00f3 a poner un freno a las pol\u00edticas de este Gobierno\u201d.<\/p>\n<p>Special pidi\u00f3 que la huelga sea \u201ccontundente, porque la situaci\u00f3n no est\u00e1 bien\u201d, al tiempo que calific\u00f3 a los mensajes que se escuchan y se ven en las pantallas de las terminales de ferrocarriles, difundidos por el Gobierno pidiendo a la poblaci\u00f3n denunciar a \u201cquienes extorsionen a los trabajadores\u201d y llamando a \u201cdefender la Rep\u00fablica\u201d, como \u201cuna verg\u00fcenza\u201d. \u201cEstamos defendiendo el salario de los trabajadores que no llegan a fin de mes. Que salga el Gobierno a querer mojar la oreja a los trabajadores me da verg\u00fcenza\u201d, concluy\u00f3, en declaraciones a Telefe.<\/p>\n","protected":false},"excerpt":{"rendered":"<p>\u201cHay una reacci\u00f3n de descontento, no alcanza para llegar a fin de mes. La gente se da cuenta. En 2025 baj\u00f3 el consumo y estamos viendo que todos los salarios de todas las actividades est\u00e1n deteriorados\u201d, manifest\u00f3 el secretario adjunto de la central obrera, Andr\u00e9s Rodr\u00edguez. Tambi\u00e9n calificaron al paro como \u201ctotal\u201d desde ATE, La Fraternidad y gremios aeron\u00e1uticos &nbsp; &nbsp; Andr\u00e9s Rodr\u00edguez, secretario adjunto de la Confederaci\u00f3n General del Trabajo (CGT) afirm\u00f3 que \u201cel paro est\u00e1 siendo importante\u201d y que desde varios sindicatos informaron que \u201chay un ausentismo muy&#8230;<\/p>\n","protected":false},"author":3,"featured_media":127074,"comment_status":"closed","ping_status":"closed","sticky":false,"template":"","format":"standard","meta":[],"categories":[18],"tags":[],"_links":{"self":[{"href":"https:\/\/www.actualidadadiario.com\/index.php\/wp-json\/wp\/v2\/posts\/127073"}],"collection":[{"href":"https:\/\/www.actualidadadiario.com\/index.php\/wp-json\/wp\/v2\/posts"}],"about":[{"href":"https:\/\/www.actualidadadiario.com\/index.php\/wp-json\/wp\/v2\/types\/post"}],"author":[{"embeddable":true,"href":"https:\/\/www.actualidadadiario.com\/index.php\/wp-json\/wp\/v2\/users\/3"}],"replies":[{"embeddable":true,"href":"https:\/\/www.actualidadadiario.com\/index.php\/wp-json\/wp\/v2\/comments?post=127073"}],"version-history":[{"count":1,"href":"https:\/\/www.actualidadadiario.com\/index.php\/wp-json\/wp\/v2\/posts\/127073\/revisions"}],"predecessor-version":[{"id":127075,"href":"https:\/\/www.actualidadadiario.com\/index.php\/wp-json\/wp\/v2\/posts\/127073\/revisions\/127075"}],"wp:featuredmedia":[{"embeddable":true,"href":"https:\/\/www.actualidadadiario.com\/index.php\/wp-json\/wp\/v2\/media\/127074"}],"wp:attachment":[{"href":"https:\/\/www.actualidadadiario.com\/index.php\/wp-json\/wp\/v2\/media?parent=127073"}],"wp:term":[{"taxonomy":"category","embeddable":true,"href":"https:\/\/www.actualidadadiario.com\/index.php\/wp-json\/wp\/v2\/categories?post=127073"},{"taxonomy":"post_tag","embeddable":true,"href":"https:\/\/www.actualidadadiario.com\/index.php\/wp-json\/wp\/v2\/tags?post=127073"}],"curies":[{"name":"wp","href":"https:\/\/api.w.org\/{rel}","templated":true}]}}