{"id":127068,"date":"2025-04-10T14:01:00","date_gmt":"2025-04-10T17:01:00","guid":{"rendered":"https:\/\/www.actualidadadiario.com\/?p=127068"},"modified":"2025-04-10T15:27:05","modified_gmt":"2025-04-10T18:27:05","slug":"postergan-la-venta-de-las-hidroelectricas-del-comahue","status":"publish","type":"post","link":"https:\/\/www.actualidadadiario.com\/index.php\/2025\/04\/10\/postergan-la-venta-de-las-hidroelectricas-del-comahue\/","title":{"rendered":"Postergan la venta de las hidroel\u00e9ctricas del Comahue"},"content":{"rendered":"<p style=\"text-align: center;\"><em><strong>El Gobierno de Mliei pate\u00f3 la licitaci\u00f3n de las represas del Comahue por pedido de gobernadores<\/strong><\/em><\/p>\n<p>&nbsp;<\/p>\n<p>&nbsp;<\/p>\n<p>El Gobierno nacional defini\u00f3 una nueva fecha para el Concurso P\u00fablico Nacional e Internacional que busca privatizar las principales represas hidroel\u00e9ctricas del Comahue. La decisi\u00f3n se oficializ\u00f3 a trav\u00e9s del Decreto 263\/2025, publicado este jueves en el Bolet\u00edn Oficial con la firma del presidente Javier Milei y del ministro de Econom\u00eda, Luis Caputo.<\/p>\n<p>&nbsp;<\/p>\n<p><strong>Cu\u00e1les son las represas que se privatizan<\/strong><\/p>\n<p>El proceso de privatizaci\u00f3n apunta al traspaso del paquete accionario mayoritario de las sociedades an\u00f3nimas que actualmente operan las centrales Alicur\u00e1, El Choc\u00f3n, Cerros Colorados y Piedra del \u00c1guila.<\/p>\n<p>Se trata de cuatro generadoras de gran importancia para el sistema energ\u00e9tico nacional, hoy administradas por firmas bajo control estatal con pr\u00f3rrogas transitorias. El nuevo esquema prev\u00e9 otorgar concesiones por 30 a\u00f1os a empresas privadas que se hagan cargo de la operaci\u00f3n y mantenimiento de las represas.<\/p>\n<p>&nbsp;<\/p>\n<p><strong>La nueva fecha de licitaci\u00f3n y el pedido de los gobernadores<\/strong><\/p>\n<p>Seg\u00fan el decreto, la Agencia de Transformaci\u00f3n de Empresas P\u00fablicas \u2014\u00f3rgano que depende del Ministerio de Econom\u00eda\u2014 deber\u00e1 convocar al concurso antes del 25 de abril. La fecha representa una pr\u00f3rroga de 15 d\u00edas sobre el cronograma original, en respuesta a un pedido expl\u00edcito de los gobernadores de Neuqu\u00e9n, Rolo Figueroa, y de R\u00edo Negro, Alberto Weretilneck.<\/p>\n<p>Ambos mandatarios solicitaron \u201cun t\u00e9rmino razonable\u201d para que sus equipos t\u00e9cnicos puedan evaluar en profundidad el proceso de licitaci\u00f3n, y as\u00ed brindar al Estado nacional \u201cuna acabada respuesta sobre el tema\u201d.<\/p>\n<p>&nbsp;<\/p>\n<p><strong>Sin precio de base y con impacto pol\u00edtico<\/strong><\/p>\n<p>Hasta el momento, no se defini\u00f3 el monto de venta de los activos, un dato clave que sigue generando especulaci\u00f3n dentro del sector energ\u00e9tico. Mientras tanto, la iniciativa del Gobierno genera tensi\u00f3n entre Naci\u00f3n y provincias, especialmente por el peso simb\u00f3lico y estrat\u00e9gico que tienen estas represas en la regi\u00f3n.<\/p>\n<p>La postergaci\u00f3n refleja no solo la presi\u00f3n de los gobernadores patag\u00f3nicos, sino tambi\u00e9n el complejo escenario pol\u00edtico y econ\u00f3mico en el que se intenta avanzar con el plan de privatizaciones impulsado por la administraci\u00f3n Milei.<\/p>\n","protected":false},"excerpt":{"rendered":"<p>El Gobierno de Mliei pate\u00f3 la licitaci\u00f3n de las represas del Comahue por pedido de gobernadores &nbsp; &nbsp; El Gobierno nacional defini\u00f3 una nueva fecha para el Concurso P\u00fablico Nacional e Internacional que busca privatizar las principales represas hidroel\u00e9ctricas del Comahue. La decisi\u00f3n se oficializ\u00f3 a trav\u00e9s del Decreto 263\/2025, publicado este jueves en el Bolet\u00edn Oficial con la firma del presidente Javier Milei y del ministro de Econom\u00eda, Luis Caputo. &nbsp; Cu\u00e1les son las represas que se privatizan El proceso de privatizaci\u00f3n apunta al traspaso del paquete accionario mayoritario&#8230;<\/p>\n","protected":false},"author":3,"featured_media":121394,"comment_status":"closed","ping_status":"closed","sticky":false,"template":"","format":"standard","meta":[],"categories":[18],"tags":[],"_links":{"self":[{"href":"https:\/\/www.actualidadadiario.com\/index.php\/wp-json\/wp\/v2\/posts\/127068"}],"collection":[{"href":"https:\/\/www.actualidadadiario.com\/index.php\/wp-json\/wp\/v2\/posts"}],"about":[{"href":"https:\/\/www.actualidadadiario.com\/index.php\/wp-json\/wp\/v2\/types\/post"}],"author":[{"embeddable":true,"href":"https:\/\/www.actualidadadiario.com\/index.php\/wp-json\/wp\/v2\/users\/3"}],"replies":[{"embeddable":true,"href":"https:\/\/www.actualidadadiario.com\/index.php\/wp-json\/wp\/v2\/comments?post=127068"}],"version-history":[{"count":2,"href":"https:\/\/www.actualidadadiario.com\/index.php\/wp-json\/wp\/v2\/posts\/127068\/revisions"}],"predecessor-version":[{"id":127084,"href":"https:\/\/www.actualidadadiario.com\/index.php\/wp-json\/wp\/v2\/posts\/127068\/revisions\/127084"}],"wp:featuredmedia":[{"embeddable":true,"href":"https:\/\/www.actualidadadiario.com\/index.php\/wp-json\/wp\/v2\/media\/121394"}],"wp:attachment":[{"href":"https:\/\/www.actualidadadiario.com\/index.php\/wp-json\/wp\/v2\/media?parent=127068"}],"wp:term":[{"taxonomy":"category","embeddable":true,"href":"https:\/\/www.actualidadadiario.com\/index.php\/wp-json\/wp\/v2\/categories?post=127068"},{"taxonomy":"post_tag","embeddable":true,"href":"https:\/\/www.actualidadadiario.com\/index.php\/wp-json\/wp\/v2\/tags?post=127068"}],"curies":[{"name":"wp","href":"https:\/\/api.w.org\/{rel}","templated":true}]}}