{"id":127066,"date":"2025-04-10T14:00:19","date_gmt":"2025-04-10T17:00:19","guid":{"rendered":"https:\/\/www.actualidadadiario.com\/?p=127066"},"modified":"2025-04-10T15:27:15","modified_gmt":"2025-04-10T18:27:15","slug":"milei-enfrenta-su-tercer-paro-general-en-el-segundo-ano-de-gobierno-en-plena-incertidumbre-economica-por-el-acuerdo-con-el-fmi","status":"publish","type":"post","link":"https:\/\/www.actualidadadiario.com\/index.php\/2025\/04\/10\/milei-enfrenta-su-tercer-paro-general-en-el-segundo-ano-de-gobierno-en-plena-incertidumbre-economica-por-el-acuerdo-con-el-fmi\/","title":{"rendered":"Milei enfrenta su tercer paro general en el segundo a\u00f1o de gobierno, en plena incertidumbre econ\u00f3mica por el acuerdo con el FMI"},"content":{"rendered":"<p style=\"text-align: center;\"><em><strong>La medida de fuerza de la CGT se lleva adelante desde las 0 de este jueves. El \u00fanico transporte p\u00fablico que funciona en la Ciudad de Buenos Aires y el conurbano bonaerense son los colectivos, ya que la UTA es uno de los pocos gremios que no adhiri\u00f3. No hay administraci\u00f3n p\u00fablica ni bancos, pero s\u00ed escuelas abiertas<\/strong><\/em><\/p>\n<p>&nbsp;<\/p>\n<p>&nbsp;<\/p>\n<p>La Confederaci\u00f3n General de Trabajo (CGT) realiza el tercer paro general contra el Gobierno de Javier Milei. Sindicatos de todo el pa\u00eds adhieren a la medida de fuerza para rechazar las pol\u00edticas econ\u00f3micas de la administraci\u00f3n libertaria y para exigir paritarias libres, aumento de jubilaciones y la reactivaci\u00f3n de la obra p\u00fablica. El cese de actividades comenz\u00f3 a las 0 del 10 de abril y se extiende hasta esta misma medianoche.<\/p>\n<p>A pesar de que la mayor\u00eda de los gremios fuertes acatan la medida, como los estatales, los ferroviarios, los trabajadores del subte, los docentes, los bancarios, los camioneros y los aeroportuarios, la Uni\u00f3n Tranviarios Automotor (UTA) no se sum\u00f3, por lo que los colectivos circulan en toda el \u00c1rea Metropolitana de Buenos Aires (AMBA), lo que genera grandes filas en distintos puntos y tambi\u00e9n extensas demoras.<\/p>\n<p>En medio de un clima de tensi\u00f3n, durante las primeras horas de la medida gremial, un colectivo de la l\u00ednea 269 fue brutalmente atacado mientras realizaba su recorrido habitual con pasajeros encima de la unidad. El hecho ocurri\u00f3 en la esquina de Leloir y Udaondo, en la localidad bonaerense de Ituzaing\u00f3. Piedras y distintos proyectiles impactaron contra la unidad, lo que provoc\u00f3 que se rompieran los vidrios de las ventanillas.<\/p>\n<p>M\u00e1s all\u00e1 del alto acatamiento por parte de la mayor\u00eda de los gremios, el Gobierno advirti\u00f3 que les descontar\u00e1 el d\u00eda a aquellos trabajadores que no se presenten a su lugar de trabajo. Adem\u00e1s, puertas adentro del oficialismo buscan minimizar la medida de fuerza y siguen firmes con el objetivo de avanzar en la reforma laboral.<\/p>\n<p>&nbsp;<\/p>\n<p><strong>Transporte p\u00fablico<\/strong><\/p>\n<p>Los metrodelegados se sumaron al paro general, lo que significa que durante 24 horas no funcionar\u00e1n los subtes en la Ciudad Aut\u00f3noma de Buenos Aires. Por el momento, Emova no confirm\u00f3 cambios en los horarios de las formaciones durante el d\u00eda de hoy.<\/p>\n<ul>\n<li><strong>Trenes:<\/strong> Todos los sindicatos ferroviarios se sumar\u00e1n al paro, por lo que el servicio estar\u00e1 completamente interrumpido durante las horas que dure la medida.<\/li>\n<li><strong>Subte y Premetro:<\/strong> Los metrodelegados adhieren a la huelga, por lo que no habr\u00e1 servicio en ninguna de las l\u00edneas de subte ni en el Premetro de la Ciudad de Buenos Aires.<\/li>\n<li><strong>Taxis:<\/strong> El Sindicato de Peones de Taxi se plegar\u00e1 al paro, por lo que la disponibilidad de unidades ser\u00e1 muy limitada.<\/li>\n<li><strong>Colectivos:<\/strong> Sin adhesi\u00f3n de la UTA, los colectivos funcionar\u00e1n con normalidad.<\/li>\n<\/ul>\n<p>&nbsp;<\/p>\n<p><strong>Gastronom\u00eda<\/strong><\/p>\n<p>Los gremios gastron\u00f3micos que se adhieren al paro son la Uni\u00f3n de Trabajadores del Turismo, Hoteleros y Gastron\u00f3micos de la Rep\u00fablica Argentina (Uthgra), Aceiteros, Cerveceros y Panaderos. Aunque la seccional porte\u00f1a, a cargo de Dante Cama\u00f1o, confirm\u00f3 que no se sumar\u00e1 a la medida.<\/p>\n<p>&nbsp;<\/p>\n<p><strong>Escuelas y Universidades<\/strong><\/p>\n<p>Relacionado con las escuelas y universidades, la Confederaci\u00f3n de Trabajadores de la Educaci\u00f3n (Ctera) confirm\u00f3 su adhesi\u00f3n, junto a Suteba, Ademys, UDA y SADOP, de docentes privados. Al igual que la Confederaci\u00f3n Nacional de Docentes Universitarios (CONADU) y la Federaci\u00f3n Argentina del Trabajador de las Universidades Nacionales (FATUN). Sin embargo, la decisi\u00f3n depender\u00e1 de cada escuela y cada docente.<\/p>\n<p>&nbsp;<\/p>\n<p><strong>Hospitales<\/strong><\/p>\n<p>Centros m\u00e9dicos, guardias y personal de salud mantendr\u00e1 una atenci\u00f3n parcial durante el paro del jueves 10 de abril con guardias m\u00ednimas para urgencias y consultas.<\/p>\n<p>&nbsp;<\/p>\n<p><strong>Recolecci\u00f3n de residuos<\/strong><\/p>\n<p>Por el momento, no habr\u00e1 servicio de recolecci\u00f3n de residuos hasta las 0 del 10 de abril, algo similar ocurrir\u00e1 con empleados del Correo Argentino, que no brindar\u00e1n servicio durante el 10 de abril.<\/p>\n<p>&nbsp;<\/p>\n<p><strong>Bancos<\/strong><\/p>\n<p>La Asociaci\u00f3n Bancaria se adhiri\u00f3 al paro general del 10 de abril, por lo que las entidades bancarias no brindar\u00e1n servicio de atenci\u00f3n al cliente en sus oficinas. Se podr\u00e1 utilizar normalmente por el homebanking.<\/p>\n<p>&nbsp;<\/p>\n<p><strong>Correo y Administraci\u00f3n p\u00fablica<\/strong><\/p>\n<p>Por otra parte, ATE y UPCN confirmaron su adhesi\u00f3n al paro, significar\u00e1 que no habr\u00e1 atenci\u00f3n al p\u00fablico y actividades en organismos estatales.<\/p>\n","protected":false},"excerpt":{"rendered":"<p>La medida de fuerza de la CGT se lleva adelante desde las 0 de este jueves. El \u00fanico transporte p\u00fablico que funciona en la Ciudad de Buenos Aires y el conurbano bonaerense son los colectivos, ya que la UTA es uno de los pocos gremios que no adhiri\u00f3. No hay administraci\u00f3n p\u00fablica ni bancos, pero s\u00ed escuelas abiertas &nbsp; &nbsp; La Confederaci\u00f3n General de Trabajo (CGT) realiza el tercer paro general contra el Gobierno de Javier Milei. Sindicatos de todo el pa\u00eds adhieren a la medida de fuerza para rechazar&#8230;<\/p>\n","protected":false},"author":3,"featured_media":9689,"comment_status":"closed","ping_status":"closed","sticky":false,"template":"","format":"standard","meta":[],"categories":[18],"tags":[],"_links":{"self":[{"href":"https:\/\/www.actualidadadiario.com\/index.php\/wp-json\/wp\/v2\/posts\/127066"}],"collection":[{"href":"https:\/\/www.actualidadadiario.com\/index.php\/wp-json\/wp\/v2\/posts"}],"about":[{"href":"https:\/\/www.actualidadadiario.com\/index.php\/wp-json\/wp\/v2\/types\/post"}],"author":[{"embeddable":true,"href":"https:\/\/www.actualidadadiario.com\/index.php\/wp-json\/wp\/v2\/users\/3"}],"replies":[{"embeddable":true,"href":"https:\/\/www.actualidadadiario.com\/index.php\/wp-json\/wp\/v2\/comments?post=127066"}],"version-history":[{"count":1,"href":"https:\/\/www.actualidadadiario.com\/index.php\/wp-json\/wp\/v2\/posts\/127066\/revisions"}],"predecessor-version":[{"id":127067,"href":"https:\/\/www.actualidadadiario.com\/index.php\/wp-json\/wp\/v2\/posts\/127066\/revisions\/127067"}],"wp:featuredmedia":[{"embeddable":true,"href":"https:\/\/www.actualidadadiario.com\/index.php\/wp-json\/wp\/v2\/media\/9689"}],"wp:attachment":[{"href":"https:\/\/www.actualidadadiario.com\/index.php\/wp-json\/wp\/v2\/media?parent=127066"}],"wp:term":[{"taxonomy":"category","embeddable":true,"href":"https:\/\/www.actualidadadiario.com\/index.php\/wp-json\/wp\/v2\/categories?post=127066"},{"taxonomy":"post_tag","embeddable":true,"href":"https:\/\/www.actualidadadiario.com\/index.php\/wp-json\/wp\/v2\/tags?post=127066"}],"curies":[{"name":"wp","href":"https:\/\/api.w.org\/{rel}","templated":true}]}}