{"id":127063,"date":"2025-04-10T13:59:38","date_gmt":"2025-04-10T16:59:38","guid":{"rendered":"https:\/\/www.actualidadadiario.com\/?p=127063"},"modified":"2025-04-10T15:27:26","modified_gmt":"2025-04-10T18:27:26","slug":"intelectuales-y-referentes-de-la-cultura-hicieron-un-llamado-a-las-fuerzas-de-la-tierra-contra-la-derecha-en-argentina","status":"publish","type":"post","link":"https:\/\/www.actualidadadiario.com\/index.php\/2025\/04\/10\/intelectuales-y-referentes-de-la-cultura-hicieron-un-llamado-a-las-fuerzas-de-la-tierra-contra-la-derecha-en-argentina\/","title":{"rendered":"Intelectuales y referentes de la cultura hicieron &#8220;un llamado a las fuerzas de la tierra&#8221; contra la derecha en Argentina"},"content":{"rendered":"<p style=\"text-align: center;\"><em><strong>Un grupo de personalidades de la cultura firmaron un texto que busca &#8220;la radicalidad destructiva y perversa a gran escala que asume el experimento de extrema derecha&#8221; en nuestro pa\u00eds<\/strong><\/em><\/p>\n<p>&nbsp;<\/p>\n<p>&nbsp;<\/p>\n<p>Un grupo de artistas e intelectuales difundi\u00f3 por las redes sociales un documento que busca enfrentar &#8220;la radicalidad destructiva y perversa a gran escala que asume el experimento de extrema derecha en la Argentina&#8221;, bajo el t\u00edtulo &#8220;Un llamado a las fuerzas de la tierra&#8221;. &#8220;Asistimos a una pol\u00edtica represiva cuyo objetivo es la instalaci\u00f3n de un clima de miedo que incline a la sociedad al oscurantismo, al p\u00e1nico moral y al disciplinamiento social&#8221;, expresaron estas personalidades en el texto.<\/p>\n<p>En ese sentido, ampliaron: &#8220;Quieren que bajemos la cabeza, que nos desanimemos, que obedezcamos, que nos callemos, que nos volvamos sumisos y c\u00f3mplices. En nombre de una falsa libertad, vienen a destruir la libertad de todos y todas&#8221;.<\/p>\n<p>Samanta Schweblin, Rita Segato, Mauricio Kartun y Mart\u00edn Caparr\u00f3s firmaron el documento que se\u00f1ala que la Argentina &#8220;tiene un notable acumulado de fuerzas de la Tierra, representadas por potentes y creativos movimientos en el campo de los derechos humanos, sociales, territoriales, sindicales, de g\u00e9nero, ambientales&#8221;. &#8220;Llamamos a detener el proyecto de muerte sostenido por un gobierno aliado al capital y al club de los multimillonarios internacionales&#8221;, expresa a su vez el texto que tambi\u00e9n rubricaron Lucrecia Martel, Mercedes Mor\u00e1n, Claudia Pi\u00f1eiro y Marcelo Pi\u00f1eyro.<\/p>\n<p>&#8220;Convocamos a la tarea de construcci\u00f3n de una agenda pol\u00edtica propositiva e integral, que exprese un compromiso con los derechos y la democracia, por y con nuestros jubilados y jubiladas, por y con nuestros j\u00f3venes; un pacto intergeneracional que forje solidaridad colectiva y regenere el tejido social. Hacemos un llamado a las fuerzas de la tierra: por la libertad, por el pluralismo, por los derechos b\u00e1sicos, por un reparto justo de la riqueza, por la igualdad, por la democracia&#8221;, concluyeron.<\/p>\n","protected":false},"excerpt":{"rendered":"<p>Un grupo de personalidades de la cultura firmaron un texto que busca &#8220;la radicalidad destructiva y perversa a gran escala que asume el experimento de extrema derecha&#8221; en nuestro pa\u00eds &nbsp; &nbsp; Un grupo de artistas e intelectuales difundi\u00f3 por las redes sociales un documento que busca enfrentar &#8220;la radicalidad destructiva y perversa a gran escala que asume el experimento de extrema derecha en la Argentina&#8221;, bajo el t\u00edtulo &#8220;Un llamado a las fuerzas de la tierra&#8221;. &#8220;Asistimos a una pol\u00edtica represiva cuyo objetivo es la instalaci\u00f3n de un clima&#8230;<\/p>\n","protected":false},"author":3,"featured_media":127064,"comment_status":"closed","ping_status":"closed","sticky":false,"template":"","format":"standard","meta":[],"categories":[9],"tags":[],"_links":{"self":[{"href":"https:\/\/www.actualidadadiario.com\/index.php\/wp-json\/wp\/v2\/posts\/127063"}],"collection":[{"href":"https:\/\/www.actualidadadiario.com\/index.php\/wp-json\/wp\/v2\/posts"}],"about":[{"href":"https:\/\/www.actualidadadiario.com\/index.php\/wp-json\/wp\/v2\/types\/post"}],"author":[{"embeddable":true,"href":"https:\/\/www.actualidadadiario.com\/index.php\/wp-json\/wp\/v2\/users\/3"}],"replies":[{"embeddable":true,"href":"https:\/\/www.actualidadadiario.com\/index.php\/wp-json\/wp\/v2\/comments?post=127063"}],"version-history":[{"count":1,"href":"https:\/\/www.actualidadadiario.com\/index.php\/wp-json\/wp\/v2\/posts\/127063\/revisions"}],"predecessor-version":[{"id":127065,"href":"https:\/\/www.actualidadadiario.com\/index.php\/wp-json\/wp\/v2\/posts\/127063\/revisions\/127065"}],"wp:featuredmedia":[{"embeddable":true,"href":"https:\/\/www.actualidadadiario.com\/index.php\/wp-json\/wp\/v2\/media\/127064"}],"wp:attachment":[{"href":"https:\/\/www.actualidadadiario.com\/index.php\/wp-json\/wp\/v2\/media?parent=127063"}],"wp:term":[{"taxonomy":"category","embeddable":true,"href":"https:\/\/www.actualidadadiario.com\/index.php\/wp-json\/wp\/v2\/categories?post=127063"},{"taxonomy":"post_tag","embeddable":true,"href":"https:\/\/www.actualidadadiario.com\/index.php\/wp-json\/wp\/v2\/tags?post=127063"}],"curies":[{"name":"wp","href":"https:\/\/api.w.org\/{rel}","templated":true}]}}