{"id":127061,"date":"2025-04-10T13:58:26","date_gmt":"2025-04-10T16:58:26","guid":{"rendered":"https:\/\/www.actualidadadiario.com\/?p=127061"},"modified":"2025-04-10T15:27:38","modified_gmt":"2025-04-10T18:27:38","slug":"el-cronograma-electoral-contempla-hasta-ahora-una-decena-de-elecciones-para-este-ano-4","status":"publish","type":"post","link":"https:\/\/www.actualidadadiario.com\/index.php\/2025\/04\/10\/el-cronograma-electoral-contempla-hasta-ahora-una-decena-de-elecciones-para-este-ano-4\/","title":{"rendered":"El cronograma electoral contempla hasta ahora una decena de elecciones para este a\u00f1o"},"content":{"rendered":"<p style=\"text-align: center;\"><em><strong>Ya hay programadas nueve elecciones provinciales previstas para antes del 26 de octubre cuando ser\u00e1n las elecciones generales<\/strong><\/em><\/p>\n<p>&nbsp;<\/p>\n<p>&nbsp;<\/p>\n<p>&nbsp;<\/p>\n<p>La suspensi\u00f3n de las PASO por este a\u00f1o permiti\u00f3 despejar de una elecci\u00f3n m\u00e1s el atiborrado cuadro de elecciones previstas para este a\u00f1o. Entre abril y octubre ya hay previstas diez comicios, entre los provinciales y la elecci\u00f3n nacional, pero todav\u00eda es posible que otros distritos anuncien su propio desdoblamiento, provincia de Buenos Aires incluida.<\/p>\n<p>Cabe destacar eso s\u00ed que numerosos distritos suspendieron por este a\u00f1o las elecciones primarias, como la Ciudad Aut\u00f3noma de Buenos Aires.<\/p>\n<p>La primera cita electoral est\u00e1 a la vuelta de la esquina. Este domingo 13 de abril se librar\u00e1 el primer convite electoral, justamente en una de las provincias grandes de nuestro pa\u00eds. Hablamos de Santa Fe, donde ese d\u00eda se elegir\u00e1n convencionales constituyentes. Puntualmente esa elecci\u00f3n ser\u00e1 para elegir 50 convencionales titulares y 10 suplentes, por distrito \u00fanico, como as\u00ed tambi\u00e9n 19 titulares y 19 suplentes convencionales reformadores departamentales.<\/p>\n<p>Una particularidad aqu\u00ed es que ese mismo domingo, a la par de las elecciones generales habr\u00e1 PASO en varios distritos de la provincia. Se renovar\u00e1n 19 intendentes de ciudades, la mitad de todos los consejos municipales y todas las comisiones comunales de las 300 localidades m\u00e1s chicas de la provincia.<\/p>\n<p>El 11 de mayo es hasta ahora el \u201csuperdomingo\u201d, por cuanto habr\u00e1 elecciones provinciales en cuatro provincias. Comenzando por Salta, donde en realidad se iba a votar el 4 de mayo, pero como la Naci\u00f3n decret\u00f3 no laborable el viernes 2 de mayo, resolvieron postergar una semana. All\u00ed se eligen 12 senadores y 30 diputados provinciales. Tambi\u00e9n se votar\u00e1 convencionales para reformar las cartas org\u00e1nicas en 19 localidades. Doce de esas elecciones ser\u00e1n para introducir reformas y 7 trabajar\u00e1n directamente en su creaci\u00f3n.<\/p>\n<p>Tambi\u00e9n se vota ese domingo 11 de mayo en Jujuy, para elegir 24 diputados provinciales titulares y 10 suplentes.<\/p>\n<p>El Chaco es otra de las provincias donde se vota ese d\u00eda, para elegir 16 diputados, y por \u00faltimo San Luis, donde se elegir\u00e1n 4 senadores y 22 diputados provinciales. Un dato de la elecci\u00f3n puntana: el libertario Carlos D\u2019Alessandro ser\u00e1 candidato a diputado provincial, a pesar de que tiene mandato como diputado nacional hasta 2027.<\/p>\n<p>&nbsp;<\/p>\n<p><strong>La elecci\u00f3n m\u00e1s esperada<\/strong><\/p>\n<p>Por las caracter\u00edsticas de lo que se pone en juego, la elecci\u00f3n del 18 de mayo en la Ciudad Aut\u00f3noma de Buenos Aires es mucho m\u00e1s que un comicio para elegir 30 legisladores porte\u00f1os. Esta elecci\u00f3n ha sido nacionalizada, y participar\u00e1n de la misma figuras nacionales, varias de ellas provenientes del Congreso de la Naci\u00f3n, como los diputados nacionales Silvia Lospennato, Leandro Santoro, Paula Oliveto y Vanina Biasi, adem\u00e1s del vocero presidencial Manuel Adorni.<\/p>\n<p>Despu\u00e9s pasamos al 8 de junio, cuando se elegir\u00e1n 25 diputados provinciales en la provincia de Misiones.<\/p>\n<p>Ese mismo mes, pero el domingo 29, Santa Fe volver\u00e1 a ir a las urnas, esta vez por las elecciones provinciales.<\/p>\n<p>Por \u00faltimo en cuanto a elecciones provinciales, el 13 de julio ser\u00edan las Elecciones Primarias, Abiertas, Simult\u00e1neas y Obligatorias (EPASO) en la provincia de Buenos Aires. As\u00ed lo convoc\u00f3 el gobernador Axel Kicillof, para cumplir con los tiempos que establece el cronograma electoral, pero ya se sabe que es intenci\u00f3n de todos suspenderlas, cosa que podr\u00eda suceder esta semana.<\/p>\n<p>Y llegamos as\u00ed al 26 de octubre, cuando ser\u00e1n las elecciones generales en las que se elegir\u00e1n legisladores nacionales que asumir\u00e1n el 10 de diciembre pr\u00f3ximo. Puntualmente se trata de 127 diputados y 24 senadores.<\/p>\n","protected":false},"excerpt":{"rendered":"<p>Ya hay programadas nueve elecciones provinciales previstas para antes del 26 de octubre cuando ser\u00e1n las elecciones generales &nbsp; &nbsp; &nbsp; La suspensi\u00f3n de las PASO por este a\u00f1o permiti\u00f3 despejar de una elecci\u00f3n m\u00e1s el atiborrado cuadro de elecciones previstas para este a\u00f1o. Entre abril y octubre ya hay previstas diez comicios, entre los provinciales y la elecci\u00f3n nacional, pero todav\u00eda es posible que otros distritos anuncien su propio desdoblamiento, provincia de Buenos Aires incluida. Cabe destacar eso s\u00ed que numerosos distritos suspendieron por este a\u00f1o las elecciones primarias,&#8230;<\/p>\n","protected":false},"author":3,"featured_media":77493,"comment_status":"closed","ping_status":"closed","sticky":false,"template":"","format":"standard","meta":[],"categories":[9],"tags":[],"_links":{"self":[{"href":"https:\/\/www.actualidadadiario.com\/index.php\/wp-json\/wp\/v2\/posts\/127061"}],"collection":[{"href":"https:\/\/www.actualidadadiario.com\/index.php\/wp-json\/wp\/v2\/posts"}],"about":[{"href":"https:\/\/www.actualidadadiario.com\/index.php\/wp-json\/wp\/v2\/types\/post"}],"author":[{"embeddable":true,"href":"https:\/\/www.actualidadadiario.com\/index.php\/wp-json\/wp\/v2\/users\/3"}],"replies":[{"embeddable":true,"href":"https:\/\/www.actualidadadiario.com\/index.php\/wp-json\/wp\/v2\/comments?post=127061"}],"version-history":[{"count":1,"href":"https:\/\/www.actualidadadiario.com\/index.php\/wp-json\/wp\/v2\/posts\/127061\/revisions"}],"predecessor-version":[{"id":127062,"href":"https:\/\/www.actualidadadiario.com\/index.php\/wp-json\/wp\/v2\/posts\/127061\/revisions\/127062"}],"wp:featuredmedia":[{"embeddable":true,"href":"https:\/\/www.actualidadadiario.com\/index.php\/wp-json\/wp\/v2\/media\/77493"}],"wp:attachment":[{"href":"https:\/\/www.actualidadadiario.com\/index.php\/wp-json\/wp\/v2\/media?parent=127061"}],"wp:term":[{"taxonomy":"category","embeddable":true,"href":"https:\/\/www.actualidadadiario.com\/index.php\/wp-json\/wp\/v2\/categories?post=127061"},{"taxonomy":"post_tag","embeddable":true,"href":"https:\/\/www.actualidadadiario.com\/index.php\/wp-json\/wp\/v2\/tags?post=127061"}],"curies":[{"name":"wp","href":"https:\/\/api.w.org\/{rel}","templated":true}]}}