{"id":127054,"date":"2025-04-10T12:13:23","date_gmt":"2025-04-10T15:13:23","guid":{"rendered":"https:\/\/www.actualidadadiario.com\/?p=127054"},"modified":"2025-04-10T15:28:04","modified_gmt":"2025-04-10T18:28:04","slug":"la-inflacion-volveria-a-subir-fuerte-en-marzo-con-impulso-de-los-alimentos","status":"publish","type":"post","link":"https:\/\/www.actualidadadiario.com\/index.php\/2025\/04\/10\/la-inflacion-volveria-a-subir-fuerte-en-marzo-con-impulso-de-los-alimentos\/","title":{"rendered":"La inflaci\u00f3n volver\u00eda a subir fuerte en marzo con impulso de los alimentos"},"content":{"rendered":"<p style=\"text-align: center;\"><em><strong>Mientras el Gobierno implora por los fondos del FMI con el d\u00f3lar atrasado y reservas que se van para contener la inflaci\u00f3n, la mala noticia es que los precios igual van en aumento. Mediciones privadas y p\u00fablicas marcan una suba que podr\u00eda llegar al 3% a la espera del INDEC<\/strong><\/em><\/p>\n<p>&nbsp;<\/p>\n<p>&nbsp;<\/p>\n<p>Mientras el Gobierno implora por los fondos del FMI con el d\u00f3lar atrasado y reservas que se van para contener la inflaci\u00f3n, m\u00e1ximo elemento discursivo para sostener su relato de mejora en la econom\u00eda, la mala noticia es que los precios igual van en aumento y, en marzo, se espera una fuerte suba motorizada por algo tan sensible como los alimentos.<\/p>\n<p>Tanto las mediciones privadas como aquellas de organismos p\u00fablicos que ya dieron sus datos sobre marzo marcan una suba que oscilar\u00eda entre el 2,5 y el 3%, a la espera de que el cuestionado INDEC de Marco Lavagna publique su \u00edndice este viernes.<\/p>\n<p>Lo que, en s\u00edntesis, indican es que la inflaci\u00f3n de marzo ser\u00e1 mayor a la de febrero, que a su vez hab\u00eda superado al dato de enero. Cabe recordar que en el segundo mes del a\u00f1o el \u00cdndice de Precios al Consumidor (IPC) avanz\u00f3 2,4% respecto del 2,2% de enero, mientras que el valor de marzo ser\u00eda de al menos 2,5%.<\/p>\n<p>Esto sucede, a su vez, cuando el consenso de economistas, organismos, consultoras y pol\u00edticos &#8211; todos excepto el gobierno &#8211; coinciden en que Javier Milei est\u00e1 permitiendo una sangr\u00eda de reservas para contener un d\u00f3lar atrasado artificialmente, con el objetivo de mantener una inflaci\u00f3n de n\u00famero bajo.<\/p>\n<p>El dato oficial de marzo, publicado por el Instituto Nacional de Estad\u00edsticas y Censos (INDEC), se conocer\u00e1 este viernes, pero ya hay varios indicadores que anticipan la aceleraci\u00f3n de los precios.<\/p>\n<p>En primer lugar aparece el IPC de la Ciudad Aut\u00f3noma de Buenos Aires (CABA), que a trav\u00e9s del Instituto de Estad\u00edstica y Censos inform\u00f3 que la inflaci\u00f3n en esa jurisdicci\u00f3n fue de 3,2% en marzo, apalancada principalmente por el aumento de los alimentos y bebidas, que avanzaron 4,7%. O sea, expres\u00f3 el sentir de los consumidores a la hora de ir a supermercados y almacenes, donde los precios de ese rubro y de la carne tuvieron varios aumentos en las \u00faltimas semanas. Ese rubro explica por s\u00ed solo 0,83 puntos del avance del IPC porte\u00f1o durante ese mes.<\/p>\n<p>En cuanto a los especialistas que participan del Relevamiento de Expectativas de Mercado (REM), aquel que realiza el Banco Central y que suele interpretarse como el sentir de los privados, estimaron que la inflaci\u00f3n de marzo ser\u00e1 del 2,6%. Toos corrigieron sus estimaciones al alza sobre el avance del \u00edndice de precios que hab\u00eda medidos semanas atr\u00e1s. Hace unos 30 d\u00edas, el REM hab\u00eda pronosticado para marzo un 2,2%.<\/p>\n<p>En cuanto a las consultoras, hicieron sus propias mediciones de la inflaci\u00f3n de marzo y todas coincidieron en que el ritmo de aumento de precios se aceler\u00f3 en relaci\u00f3n a febrero.<\/p>\n<p>C&amp;T relev\u00f3 precios minoristas para la regi\u00f3n GBA y present\u00f3 un alza de 2,7% mensual en marzo, superando el 2,4% de febrero. \u201cEn los bienes, la categor\u00eda m\u00e1s incidente fue la de los alimentos y bebidas, que lleg\u00f3 al 5,4%. Las fuertes lluvias impactaron al alza en los precios de frutas y verduras, aunque hubo una moderaci\u00f3n sobre fin de mes. Bebidas no alcoh\u00f3licas, l\u00e1cteos y panificados tuvieron un comportamiento similar. Las carnes, por el contrario, se aceleraron\u201d, explicaron.<\/p>\n<p>La consultora Analytica, por su parte, indic\u00f3 que durante la cuarta semana de marzo registraron una variaci\u00f3n semanal del 0,6% en los precios de alimentos y bebidas de Gran Buenos Aires. Proyectan una suba mensual del 2,5% para el nivel general de precios y ubican en verduras (+13,6%) y carnes y derivados (+4%) el mayor aumento en el promedio de las \u00faltimas cuatro semanas.<\/p>\n<p>Mucho m\u00e1s alta fue la medici\u00f3n de EcoGo. Seg\u00fan su relevamiento, hubo una suba del 2,7% en marzo, en un mes cruzado por la estacionalidad, la pol\u00edtica y los factores macro. \u201cA pesar del crawling al 1% y la contenci\u00f3n en la suba de las tarifas, que volvieron a definirse de forma discrecional por debajo de la inflaci\u00f3n en marzo, el IPC no termina de romper la tan esperada barrera del 2% y anota un segundo mes consecutivo al alza\u201d, aseguraron.<\/p>\n<p>En cuanto a la consultora Equilibra, estim\u00f3 que el IPC de marzo fue del 2,6%. \u201cLa inflaci\u00f3n de la cuarta semana de marzo (+0,4%) se vio impulsada por los precios estacionales (+1,8% semanal), principalmente verduras e indumentaria. No se observ\u00f3 un impacto significativo en precios por la incertidumbre cambiaria\u201d, afirmaron.<\/p>\n<p>Mucho menos optimista fue la consultora Orlando J. Ferreres (OJF), que calcul\u00f3 un nivel general de precios del 2,9% mensual para marzo. Los rubros de educaci\u00f3n, alimentos y bebidas e indumentaria encabezaron las subas del mes, registrando alzas de 5,4%, 4,9% y 4% respectivamente.<\/p>\n<p>Llamativo es el dato de que el \u00fanico IPC que no registr\u00f3 suba respecto de febrero fue el de la Fundaci\u00f3n Libertad y Progreso, p\u00fablicamente alineada con el gobierno de Milei, que registr\u00f3 un aumento del 2,4%, justo el mismo dato oficial que el mes pasado. \u201cLa din\u00e1mica del mes tuvo dos fases. Desde el 2,3% que hab\u00edamos medido en febrero, ascendi\u00f3 hasta 2,6% en la segunda semana de marzo. Sin embargo, desde entonces comenz\u00f3 a declinar, cerrando 0,2 puntos porcentuales por debajo de ese m\u00e1ximo. Manteniendo la tendencia reciente, es esperable que en abril veamos un dato inferior\u201d, consideraron.<\/p>\n","protected":false},"excerpt":{"rendered":"<p>Mientras el Gobierno implora por los fondos del FMI con el d\u00f3lar atrasado y reservas que se van para contener la inflaci\u00f3n, la mala noticia es que los precios igual van en aumento. Mediciones privadas y p\u00fablicas marcan una suba que podr\u00eda llegar al 3% a la espera del INDEC &nbsp; &nbsp; Mientras el Gobierno implora por los fondos del FMI con el d\u00f3lar atrasado y reservas que se van para contener la inflaci\u00f3n, m\u00e1ximo elemento discursivo para sostener su relato de mejora en la econom\u00eda, la mala noticia es&#8230;<\/p>\n","protected":false},"author":3,"featured_media":89353,"comment_status":"closed","ping_status":"closed","sticky":false,"template":"","format":"standard","meta":[],"categories":[2],"tags":[],"_links":{"self":[{"href":"https:\/\/www.actualidadadiario.com\/index.php\/wp-json\/wp\/v2\/posts\/127054"}],"collection":[{"href":"https:\/\/www.actualidadadiario.com\/index.php\/wp-json\/wp\/v2\/posts"}],"about":[{"href":"https:\/\/www.actualidadadiario.com\/index.php\/wp-json\/wp\/v2\/types\/post"}],"author":[{"embeddable":true,"href":"https:\/\/www.actualidadadiario.com\/index.php\/wp-json\/wp\/v2\/users\/3"}],"replies":[{"embeddable":true,"href":"https:\/\/www.actualidadadiario.com\/index.php\/wp-json\/wp\/v2\/comments?post=127054"}],"version-history":[{"count":1,"href":"https:\/\/www.actualidadadiario.com\/index.php\/wp-json\/wp\/v2\/posts\/127054\/revisions"}],"predecessor-version":[{"id":127055,"href":"https:\/\/www.actualidadadiario.com\/index.php\/wp-json\/wp\/v2\/posts\/127054\/revisions\/127055"}],"wp:featuredmedia":[{"embeddable":true,"href":"https:\/\/www.actualidadadiario.com\/index.php\/wp-json\/wp\/v2\/media\/89353"}],"wp:attachment":[{"href":"https:\/\/www.actualidadadiario.com\/index.php\/wp-json\/wp\/v2\/media?parent=127054"}],"wp:term":[{"taxonomy":"category","embeddable":true,"href":"https:\/\/www.actualidadadiario.com\/index.php\/wp-json\/wp\/v2\/categories?post=127054"},{"taxonomy":"post_tag","embeddable":true,"href":"https:\/\/www.actualidadadiario.com\/index.php\/wp-json\/wp\/v2\/tags?post=127054"}],"curies":[{"name":"wp","href":"https:\/\/api.w.org\/{rel}","templated":true}]}}