{"id":127048,"date":"2025-04-10T12:11:29","date_gmt":"2025-04-10T15:11:29","guid":{"rendered":"https:\/\/www.actualidadadiario.com\/?p=127048"},"modified":"2025-04-10T15:28:32","modified_gmt":"2025-04-10T18:28:32","slug":"semana-santa-cuando-es-y-como-quedan-los-feriados-en-argentina-11","status":"publish","type":"post","link":"https:\/\/www.actualidadadiario.com\/index.php\/2025\/04\/10\/semana-santa-cuando-es-y-como-quedan-los-feriados-en-argentina-11\/","title":{"rendered":"Semana Santa: \u00bfcu\u00e1ndo es y c\u00f3mo quedan los feriados en Argentina?"},"content":{"rendered":"<p style=\"text-align: center;\"><em><strong>Los argentinos tendr\u00e1n dos d\u00edas de descanso en abril por Semana Santa. \u00bfC\u00f3mo qued\u00f3 el calendario oficial?<\/strong><\/em><\/p>\n<p>&nbsp;<\/p>\n<p>&nbsp;<\/p>\n<p>Tras el feriado nacional del 24 de marzo por el D\u00eda la Memoria, Verdad y Justicia, los argentinos tendr\u00e1n dos d\u00edas de descanso extra en abril y se trata de Semana Santa.<\/p>\n<p>Semana Santa es una de las celebraciones m\u00e1s importantes de la religi\u00f3n cat\u00f3lica, dado que se recuerda los \u00faltimos d\u00edas de Jes\u00fas de Nazaret en la tierra. En estos d\u00edas, los creyentes participan de actividades y celebraciones que recuerdan la pasi\u00f3n de Cristo.<\/p>\n<p>&nbsp;<\/p>\n<p><strong>\u00bfCu\u00e1ndo es el pr\u00f3ximo feriado?<\/strong><\/p>\n<p>En 2025, la Semana Santa comenzar\u00e1 el 13 de abril con el Domingo de Ramos y se extender\u00e1 hasta el s\u00e1bado 19 de abril. En Argentina, el fin de semana largo abarcar\u00e1 del jueves 17 (aunque este es d\u00eda no-laborable, es decir, su otorgamiento como feriado queda a discreci\u00f3n del empleador) al domingo 20 de abril.<\/p>\n<p>La Pascua de Resurrecci\u00f3n se conmemora el domingo luego de la primera Luna llena luego del equinoccio de marzo. Siempre se calcula que puede trascurrir entre el 22 de marzo y el 25 de abril. El calendario de Pascuas, queda de la siguiente manera:<\/p>\n<ul>\n<li><strong>Domingo de Ramos:<\/strong> 13 de abril<\/li>\n<li><strong>Jueves Santo:<\/strong> 17 de abril &#8211; d\u00eda no laborable<\/li>\n<li><strong>Viernes Santo:<\/strong> 18 de abril &#8211; feriado<\/li>\n<li><strong>Pascua de Resurrecci\u00f3n:<\/strong> domingo 20 de abril<\/li>\n<\/ul>\n<p>&nbsp;<\/p>\n<p><strong>\u00bfCu\u00e1ntos feriados restan del 2025?<\/strong><\/p>\n<ul>\n<li><strong>Jueves 17 y viernes 18 de abril:<\/strong> Semana Santa<\/li>\n<li><strong>Jueves 1 de mayo:<\/strong> D\u00eda Internacional del Trabajador<\/li>\n<li><strong>Viernes 2 de mayo:<\/strong> feriado puente<\/li>\n<li><strong>Domingo 25 de mayo:<\/strong> D\u00eda de la Revoluci\u00f3n de Mayo<\/li>\n<li><strong>Viernes 20 de junio:<\/strong> Paso a la Inmortalidad del General Manuel Belgrano<\/li>\n<li><strong>Mi\u00e9rcoles 9 de julio:<\/strong> D\u00eda de la Independencia<\/li>\n<li><strong>Viernes 15 de agosto:<\/strong> feriado puente<\/li>\n<li><strong>Lunes 18 de agosto:<\/strong> feriado trasladado del domingo 17 que se conmemora el Paso a la Inmortalidad del Gral. Jos\u00e9 de San Mart\u00edn<\/li>\n<li><strong>Domingo 12 de octubre:<\/strong> D\u00eda del Respeto a la Diversidad Cultural<\/li>\n<li><strong>Jueves 20 de noviembre:<\/strong> D\u00eda de la Soberan\u00eda Nacional<\/li>\n<li><strong>Viernes 21 de noviembre:<\/strong> feriado puente<\/li>\n<li><strong>Lunes 8 de diciembre:<\/strong> D\u00eda de la Inmaculada Concepci\u00f3n de Mar\u00eda<\/li>\n<li><strong>Jueves 25 de diciembre:<\/strong> Navidad<\/li>\n<\/ul>\n","protected":false},"excerpt":{"rendered":"<p>Los argentinos tendr\u00e1n dos d\u00edas de descanso en abril por Semana Santa. \u00bfC\u00f3mo qued\u00f3 el calendario oficial? &nbsp; &nbsp; Tras el feriado nacional del 24 de marzo por el D\u00eda la Memoria, Verdad y Justicia, los argentinos tendr\u00e1n dos d\u00edas de descanso extra en abril y se trata de Semana Santa. Semana Santa es una de las celebraciones m\u00e1s importantes de la religi\u00f3n cat\u00f3lica, dado que se recuerda los \u00faltimos d\u00edas de Jes\u00fas de Nazaret en la tierra. En estos d\u00edas, los creyentes participan de actividades y celebraciones que recuerdan&#8230;<\/p>\n","protected":false},"author":3,"featured_media":126512,"comment_status":"closed","ping_status":"closed","sticky":false,"template":"","format":"standard","meta":[],"categories":[2],"tags":[],"_links":{"self":[{"href":"https:\/\/www.actualidadadiario.com\/index.php\/wp-json\/wp\/v2\/posts\/127048"}],"collection":[{"href":"https:\/\/www.actualidadadiario.com\/index.php\/wp-json\/wp\/v2\/posts"}],"about":[{"href":"https:\/\/www.actualidadadiario.com\/index.php\/wp-json\/wp\/v2\/types\/post"}],"author":[{"embeddable":true,"href":"https:\/\/www.actualidadadiario.com\/index.php\/wp-json\/wp\/v2\/users\/3"}],"replies":[{"embeddable":true,"href":"https:\/\/www.actualidadadiario.com\/index.php\/wp-json\/wp\/v2\/comments?post=127048"}],"version-history":[{"count":2,"href":"https:\/\/www.actualidadadiario.com\/index.php\/wp-json\/wp\/v2\/posts\/127048\/revisions"}],"predecessor-version":[{"id":127051,"href":"https:\/\/www.actualidadadiario.com\/index.php\/wp-json\/wp\/v2\/posts\/127048\/revisions\/127051"}],"wp:featuredmedia":[{"embeddable":true,"href":"https:\/\/www.actualidadadiario.com\/index.php\/wp-json\/wp\/v2\/media\/126512"}],"wp:attachment":[{"href":"https:\/\/www.actualidadadiario.com\/index.php\/wp-json\/wp\/v2\/media?parent=127048"}],"wp:term":[{"taxonomy":"category","embeddable":true,"href":"https:\/\/www.actualidadadiario.com\/index.php\/wp-json\/wp\/v2\/categories?post=127048"},{"taxonomy":"post_tag","embeddable":true,"href":"https:\/\/www.actualidadadiario.com\/index.php\/wp-json\/wp\/v2\/tags?post=127048"}],"curies":[{"name":"wp","href":"https:\/\/api.w.org\/{rel}","templated":true}]}}