{"id":127044,"date":"2025-04-10T12:10:07","date_gmt":"2025-04-10T15:10:07","guid":{"rendered":"https:\/\/www.actualidadadiario.com\/?p=127044"},"modified":"2025-04-10T15:28:45","modified_gmt":"2025-04-10T18:28:45","slug":"advierten-que-las-provincias-perdieron-mas-de-15-billones-de-coparticipacion-federal-desde-que-asumio-milei","status":"publish","type":"post","link":"https:\/\/www.actualidadadiario.com\/index.php\/2025\/04\/10\/advierten-que-las-provincias-perdieron-mas-de-15-billones-de-coparticipacion-federal-desde-que-asumio-milei\/","title":{"rendered":"Advierten que las provincias perdieron m\u00e1s de $15 billones de coparticipaci\u00f3n federal desde que asumi\u00f3 Milei"},"content":{"rendered":"<p style=\"text-align: center;\"><em><strong>Lo dijo el titular de la Agencia de Recaudaci\u00f3n de Buenos Aires, Cristian Girard. El monto equivale a cerca de u$s12 mil millones<\/strong><\/em><\/p>\n<p>&nbsp;<\/p>\n<p>&nbsp;<\/p>\n<p>El titular de la Agencia de Recaudaci\u00f3n de Buenos Aires (ARBA), Cristian Girard, consign\u00f3 que las provincias perdieron $15,5 billones en concepto de coparticipaci\u00f3n federal desde que Javier Milei asumi\u00f3 la presidencia, en diciembre del 2023. La cifra equivale a casi u$s12 mil millones.<\/p>\n<p>Girard explic\u00f3 que la recaudaci\u00f3n nacional cay\u00f3 un -8,3% en 2024 y que los recursos que se coparticipan con las provincias cayeron un -12,3%. Asimismo, detall\u00f3 que los impuestos que la Naci\u00f3n se queda, como el PAIS o los derechos de exportaci\u00f3n, bajaron apenas un -1,2%.<\/p>\n<p>&nbsp;<\/p>\n<p><strong>PBA denuncia que &#8220;el ajuste lo pagan las provincias&#8221;<\/strong><\/p>\n<p>Al respecto, el funcionario de la administraci\u00f3n de Axel Kicillof asegur\u00f3 que &#8220;el ajuste no lo paga ninguna casta&#8221;, sino que lo hacen &#8220;los jubilados, los empleados p\u00fablicos, los ciudadanos que ven desmanteladas pol\u00edticas p\u00fablicas esenciales, como la atenci\u00f3n de enfermedades cr\u00f3nicas. Y lo pagan las provincias&#8221;.<\/p>\n<p>&#8220;El Estado nacional ejecuta ese ajuste que reclaman los acreedores externos tambi\u00e9n quit\u00e1ndole recursos a los gobiernos provinciales, que deben garantizar seguridad, salud, educaci\u00f3n, rutas, etc.&#8221;, coment\u00f3 el titular de ARBA.<\/p>\n<p>En esa t\u00f3nica, Girard sostuvo que el esquema tributario es cada vez m\u00e1s regresivo: &#8220;Eliminan devoluci\u00f3n del IVA, reintroducen Ganancias para trabajadores, bajan Bienes Personales para los m\u00e1s ricos&#8221;. &#8220;Resultado: los de arriba pagan menos. Los de abajo, m\u00e1s&#8221;, explic\u00f3.<\/p>\n<p>Dejando atr\u00e1s el 2024, coment\u00f3 que el 2025 no trae alivio, &#8220;aunque digan que la econom\u00eda se est\u00e1 reactivando, los datos dicen otra cosa&#8221; y remarc\u00f3 que el IVA cae 8,8% y la recaudaci\u00f3n total baja 4,1%.<\/p>\n<p>&#8220;Solo sube ganancias por reintroducci\u00f3n de la 4ta categor\u00eda. S\u00ed, otra vez sobre trabajadoras y trabajadores&#8221;, complet\u00f3.<\/p>\n<p>&nbsp;<\/p>\n<p><strong>Para el IARAF, la coparticipaci\u00f3n federal cay\u00f3 10% en 2024<\/strong><\/p>\n<p>En tanto, de acuerdo al Instituto Argentino de An\u00e1lisis Fiscal, la Coparticipaci\u00f3n Federal sufri\u00f3 una ca\u00edda del 10% en 2024. Las transferencias autom\u00e1ticas por coparticipaci\u00f3n, leyes complementarias y compensaciones alcanzaron los $42.133.000 millones, frente a $14.356.000 millones del a\u00f1o anterior.<\/p>\n<p>De este modo, exhibieron una variaci\u00f3n nominal del 194%, que se traducir\u00eda en una ca\u00edda real del 10% al descontar la inflaci\u00f3n del per\u00edodo.<\/p>\n<p>Paralelamente, el IARAF dio a conocer que, teniendo una perspectiva de los \u00faltimos 9 a\u00f1os, el monto de las transferencias autom\u00e1ticas reales totales del a\u00f1o, de confirmarse la inflaci\u00f3n supuesta del 2,8% mensual en diciembre, se ubicar\u00eda en el octavo puesto (ordenando de mayor a menor).<\/p>\n<p>En cuanto a la suba de la coparticipaci\u00f3n neta de diciembre, explicaron que se dio &#8220;principalmente por el muy buen desempe\u00f1o de la recaudaci\u00f3n del impuesto a las ganancias (+13% real interanual) y una suba de la recaudaci\u00f3n de IVA (+2,6% real interanual)&#8221;.<\/p>\n<p>&#8220;En conjunto, la recaudaci\u00f3n de IVA e IIGG habr\u00eda registrado una suba real interanual del 6,5%. En el acumulado anual, la suma de estos tributos registrar\u00eda una variaci\u00f3n interanual real negativa del 9%&#8221;, aseguraron en el informe.<\/p>\n<p>A la par, el desagregado muestra que, al considerar la evoluci\u00f3n individual en las jurisdicciones de los env\u00edos por transferencias autom\u00e1ticas, en todos los casos la variaci\u00f3n real fue positiva, con la excepci\u00f3n de la provincia de Buenos Aires. Santa Cruz (+8%) fue la jurisdicci\u00f3n con mayor suba y Buenos Aires (-6,5%), la \u00fanica con descenso interanual real.<\/p>\n","protected":false},"excerpt":{"rendered":"<p>Lo dijo el titular de la Agencia de Recaudaci\u00f3n de Buenos Aires, Cristian Girard. El monto equivale a cerca de u$s12 mil millones &nbsp; &nbsp; El titular de la Agencia de Recaudaci\u00f3n de Buenos Aires (ARBA), Cristian Girard, consign\u00f3 que las provincias perdieron $15,5 billones en concepto de coparticipaci\u00f3n federal desde que Javier Milei asumi\u00f3 la presidencia, en diciembre del 2023. La cifra equivale a casi u$s12 mil millones. Girard explic\u00f3 que la recaudaci\u00f3n nacional cay\u00f3 un -8,3% en 2024 y que los recursos que se coparticipan con las provincias&#8230;<\/p>\n","protected":false},"author":3,"featured_media":127059,"comment_status":"closed","ping_status":"closed","sticky":false,"template":"","format":"standard","meta":[],"categories":[9],"tags":[],"_links":{"self":[{"href":"https:\/\/www.actualidadadiario.com\/index.php\/wp-json\/wp\/v2\/posts\/127044"}],"collection":[{"href":"https:\/\/www.actualidadadiario.com\/index.php\/wp-json\/wp\/v2\/posts"}],"about":[{"href":"https:\/\/www.actualidadadiario.com\/index.php\/wp-json\/wp\/v2\/types\/post"}],"author":[{"embeddable":true,"href":"https:\/\/www.actualidadadiario.com\/index.php\/wp-json\/wp\/v2\/users\/3"}],"replies":[{"embeddable":true,"href":"https:\/\/www.actualidadadiario.com\/index.php\/wp-json\/wp\/v2\/comments?post=127044"}],"version-history":[{"count":2,"href":"https:\/\/www.actualidadadiario.com\/index.php\/wp-json\/wp\/v2\/posts\/127044\/revisions"}],"predecessor-version":[{"id":127060,"href":"https:\/\/www.actualidadadiario.com\/index.php\/wp-json\/wp\/v2\/posts\/127044\/revisions\/127060"}],"wp:featuredmedia":[{"embeddable":true,"href":"https:\/\/www.actualidadadiario.com\/index.php\/wp-json\/wp\/v2\/media\/127059"}],"wp:attachment":[{"href":"https:\/\/www.actualidadadiario.com\/index.php\/wp-json\/wp\/v2\/media?parent=127044"}],"wp:term":[{"taxonomy":"category","embeddable":true,"href":"https:\/\/www.actualidadadiario.com\/index.php\/wp-json\/wp\/v2\/categories?post=127044"},{"taxonomy":"post_tag","embeddable":true,"href":"https:\/\/www.actualidadadiario.com\/index.php\/wp-json\/wp\/v2\/tags?post=127044"}],"curies":[{"name":"wp","href":"https:\/\/api.w.org\/{rel}","templated":true}]}}