{"id":126607,"date":"2025-03-31T13:00:06","date_gmt":"2025-03-31T16:00:06","guid":{"rendered":"https:\/\/www.actualidadadiario.com\/?p=126607"},"modified":"2025-03-31T13:00:06","modified_gmt":"2025-03-31T16:00:06","slug":"milei-y-villarruel-encabezaran-actos-separados-por-malvinas-y-se-tensa-la-interna-oficialista","status":"publish","type":"post","link":"https:\/\/www.actualidadadiario.com\/index.php\/2025\/03\/31\/milei-y-villarruel-encabezaran-actos-separados-por-malvinas-y-se-tensa-la-interna-oficialista\/","title":{"rendered":"Milei y Villarruel encabezar\u00e1n actos separados por Malvinas y se tensa la interna oficialista"},"content":{"rendered":"<p style=\"text-align: center;\"><em><strong>El mandatario estar\u00e1 en la Plaza San Mart\u00edn y la vicepresidenta viajar\u00e1 a Ushuaia, lo que volver\u00e1 a exponer el fuego a cielo abierto en el Gobierno<\/strong><\/em><\/p>\n<p>&nbsp;<\/p>\n<p>&nbsp;<\/p>\n<p>El presidente Javier Milei y su vice Victoria Villarruel encabezar\u00e1n dos actos separados el mi\u00e9rcoles con motivo de un nuevo aniversario de la guerra de Malvinas, lo que sumar\u00e1 un nuevo cap\u00edtulo al fuego a cielo abierto en el Gobierno.<\/p>\n<p>Milei se dirigir\u00e1 el mi\u00e9rcoles a la Plaza San Mart\u00edn, situada en el barrio porte\u00f1o de Retiro, para encabezar un homenaje a los excombatientes argentinos que participaron de la guerra de Malvinas, en el cenotafio en el que se encuentran 25 placas con las identidades de los 649 soldados ca\u00eddos. Fuentes del Gobierno confirmaron que Villarruel no fue invitada al acto.<\/p>\n<p>Por su parte, la vicepresidenta viajar\u00e1 rumbo a la provincia de Tierra del Fuego, donde participar\u00e1 de un evento en Ushuaia tras aceptar la invitaci\u00f3n de un grupo de excombatientes. No obstante, se estima que s\u00f3lo encabezar\u00e1 el acto central y no formar\u00e1 parte de la tradicional vigilia tras la guerra, que se produjo entre la Argentina y el Reino Unido en 1982.<\/p>\n<p>En tanto, en su cuenta de la red social X, dio a conocer que se realizar\u00e1n diferentes actividades en el Senado para recordar el conflicto b\u00e9lico. &#8220;\u00a1Malvinas Argentinas hoy y siempre! En el Senado de la Naci\u00f3n nos honra invitarlos a las actividades que haremos durante toda la semana para recordar la Gesta de Malvinas, recordar a nuestros h\u00e9roes y acompa\u00f1ar y abrazar a los Veteranos&#8221;, expres\u00f3.<\/p>\n<p>&#8220;Malvinas se lleva en el Coraz\u00f3n todo el a\u00f1o, pero en abril todos los argentinos estamos hermanados por esta inmensa gesta. \u00a1Los esperamos! Toda la semana para aprender y escuchar de boca de sus protagonistas sobre los hechos de la Guerra del Atl\u00e1ntico Sur y en defensa de nuestra soberan\u00eda. El coraje y el hero\u00edsmo de los argentinos al servicio de la Patria&#8221;, agreg\u00f3 en esta l\u00ednea.<\/p>\n<p>&nbsp;<\/p>\n<p><strong>Cruce<\/strong><\/p>\n<p>El presidente Javier Milei estaba terminando su discurso en el Congreso el 1\u00b0 de marzo en el marco de la apertura de sesiones ordinarias y tuvo un episodio rid\u00edculo con la vicepresidenta Victoria Villarruel, que se trat\u00f3 de la \u00faltima vez que se vieron p\u00fablicamente. La presidenta del Senado quiso cerrar la sesi\u00f3n especial y el mandatario la par\u00f3.<\/p>\n<p>La reacci\u00f3n del libertario fue contundente, y le dijo: &#8220;No termin\u00e9. Digo, no te apures&#8221;. Villarruel que s\u00f3lo atin\u00f3 a pedirle perd\u00f3n. Al regresar a su rol de orador, exclam\u00f3: &#8220;\u00a1Viva la libertad carajo!&#8221;, en tres oportunidades, y concluy\u00f3 la reuni\u00f3n. Durante la apertura de la Asamblea Legislativa no mostraron la firma del acta de honor de la vicepresidenta, y tampoco se registr\u00f3 el momento en que ambos se saludaron en el recinto.<\/p>\n<p>La transmisi\u00f3n de la Cadena Nacional estuvo dirigida en todo momento a la figura del l\u00edder de La Libertad Avanza, y Villarruel se ocup\u00f3 de abrir la reuni\u00f3n cerca de las 20:14 horas.<\/p>\n","protected":false},"excerpt":{"rendered":"<p>El mandatario estar\u00e1 en la Plaza San Mart\u00edn y la vicepresidenta viajar\u00e1 a Ushuaia, lo que volver\u00e1 a exponer el fuego a cielo abierto en el Gobierno &nbsp; &nbsp; El presidente Javier Milei y su vice Victoria Villarruel encabezar\u00e1n dos actos separados el mi\u00e9rcoles con motivo de un nuevo aniversario de la guerra de Malvinas, lo que sumar\u00e1 un nuevo cap\u00edtulo al fuego a cielo abierto en el Gobierno. Milei se dirigir\u00e1 el mi\u00e9rcoles a la Plaza San Mart\u00edn, situada en el barrio porte\u00f1o de Retiro, para encabezar un homenaje&#8230;<\/p>\n","protected":false},"author":3,"featured_media":123048,"comment_status":"closed","ping_status":"closed","sticky":false,"template":"","format":"standard","meta":[],"categories":[18],"tags":[],"_links":{"self":[{"href":"https:\/\/www.actualidadadiario.com\/index.php\/wp-json\/wp\/v2\/posts\/126607"}],"collection":[{"href":"https:\/\/www.actualidadadiario.com\/index.php\/wp-json\/wp\/v2\/posts"}],"about":[{"href":"https:\/\/www.actualidadadiario.com\/index.php\/wp-json\/wp\/v2\/types\/post"}],"author":[{"embeddable":true,"href":"https:\/\/www.actualidadadiario.com\/index.php\/wp-json\/wp\/v2\/users\/3"}],"replies":[{"embeddable":true,"href":"https:\/\/www.actualidadadiario.com\/index.php\/wp-json\/wp\/v2\/comments?post=126607"}],"version-history":[{"count":1,"href":"https:\/\/www.actualidadadiario.com\/index.php\/wp-json\/wp\/v2\/posts\/126607\/revisions"}],"predecessor-version":[{"id":126608,"href":"https:\/\/www.actualidadadiario.com\/index.php\/wp-json\/wp\/v2\/posts\/126607\/revisions\/126608"}],"wp:featuredmedia":[{"embeddable":true,"href":"https:\/\/www.actualidadadiario.com\/index.php\/wp-json\/wp\/v2\/media\/123048"}],"wp:attachment":[{"href":"https:\/\/www.actualidadadiario.com\/index.php\/wp-json\/wp\/v2\/media?parent=126607"}],"wp:term":[{"taxonomy":"category","embeddable":true,"href":"https:\/\/www.actualidadadiario.com\/index.php\/wp-json\/wp\/v2\/categories?post=126607"},{"taxonomy":"post_tag","embeddable":true,"href":"https:\/\/www.actualidadadiario.com\/index.php\/wp-json\/wp\/v2\/tags?post=126607"}],"curies":[{"name":"wp","href":"https:\/\/api.w.org\/{rel}","templated":true}]}}