{"id":126602,"date":"2025-03-31T12:56:26","date_gmt":"2025-03-31T15:56:26","guid":{"rendered":"https:\/\/www.actualidadadiario.com\/?p=126602"},"modified":"2025-03-31T12:56:26","modified_gmt":"2025-03-31T15:56:26","slug":"frente-a-un-ajuste-social-sin-freno-la-preocupacion-por-la-inseguridad-empieza-a-escalar-en-las-encuestas","status":"publish","type":"post","link":"https:\/\/www.actualidadadiario.com\/index.php\/2025\/03\/31\/frente-a-un-ajuste-social-sin-freno-la-preocupacion-por-la-inseguridad-empieza-a-escalar-en-las-encuestas\/","title":{"rendered":"Frente a un ajuste social sin freno, la preocupaci\u00f3n por la inseguridad empieza a escalar en las encuestas"},"content":{"rendered":"<p style=\"text-align: center;\"><em><strong>Mientras LLA apela al punitivismo y a la represi\u00f3n, la crisis producida por la motosierra repercute en un crecimiento de los delitos relacionados a la precariedad econ\u00f3mica. Un 52% cree que los asaltos aumentaron con este gobierno. El avance narco ante la ausencia del Estado<\/strong><\/em><\/p>\n<p>&nbsp;<\/p>\n<p>&nbsp;<\/p>\n<p>El gobierno nacional no sorprende. Su pol\u00edtica para destruir al Estado se reduce a ajustar, entregar recursos naturales, reprimir la protesta social y exaltar un discurso punitivista, a la medida de una sociedad que no encuentra salida a la crisis econ\u00f3mica. Sin embargo, la f\u00f3rmula parece inestable: la incertidumbre de no poder llegar a fin de mes crece al ritmo que aumenta la preocupaci\u00f3n por la inseguridad, con familias que caen de un sistema que se resquebraja ante la motosierra de La Libertad Avanza.<\/p>\n<p>El \u00faltimo trabajo elaborado por la consultora Zuban C\u00f3rdoba destaca que la mitad de las personas encuestadas \u201ccree que el gobierno de Javier Milei no est\u00e1 haciendo nada para frenar la inseguridad a pesar de que habla de ella todo el tiempo\u201d.<\/p>\n<p>Mientras el discurso oficial en materia de seguridad apela \u00fanicamente a la mano dura, m\u00e1s c\u00e1rceles y la baja en la edad de imputabilidad, nada se menciona de las condiciones sociales que se deterioran y que motivan mayores casos delictivos. Eso ya se empieza a apreciar en las encuestas.<\/p>\n<p>&nbsp;<\/p>\n<p><strong>N\u00fameros de la inseguridad<\/strong><\/p>\n<p>Para la encuestadora que dirige Gustavo C\u00f3rdoba, la suerte del presidente comenz\u00f3 a cambiar en enero, tras su discurso homof\u00f3bico y antiderechos en Davos. La imagen del mandatario cay\u00f3 a\u00fan m\u00e1s cuando protagoniz\u00f3 la criptoestafa $LIBRA, generando el actual r\u00e9cord de rechazo de su gesti\u00f3n por encima del 58%. \u201cA la cuesti\u00f3n econ\u00f3mica y los esc\u00e1ndalos pol\u00edticos constantes se suma otra problem\u00e1tica que late con cada vez m\u00e1s fuerza: la inseguridad \u2013advierte la consultora\u2013. Un 52% cree que los asaltos aumentaron desde la asunci\u00f3n del nuevo gobierno y en los grandes centros urbanos el porcentaje de gente que se siente insegura supera siempre el 50 por ciento\u201d.<\/p>\n<p>La frialdad de los n\u00fameros indica que los homicidios alcanzaron un pico de 7,6 cada 100 mil habitantes en 2014. Desde entonces y con ciertos vaivenes, en 2024 Argentina logr\u00f3 una tasa de 3,8. Pero en cuanto a los robos y asaltos, ocurri\u00f3 lo contrario: los datos del Ministerio de Seguridad registraron en 2023 455.271 hechos, sensiblemente menor a los 471.077 de 2024.<\/p>\n<p>\u201cEn los \u00faltimos a\u00f1os, la tasa de homicidios en Argentina muestra una tendencia a la baja\u201d, analiza el soci\u00f3logo y doctor en Ciencias Pol\u00edticas, Federico Lorenc Valcarce, quien aclara que \u201cen cambio, los robos y, sobre todo los hurtos, aumentaron en el \u00faltimo a\u00f1o y medio. Esta diferencia es importante: el homicidio est\u00e1 m\u00e1s ligado a din\u00e1micas de violencia interpersonal o al autogobierno de los mercados ilegales, mientras que el hurto suele responder a la precariedad econ\u00f3mica\u201d.<\/p>\n<p>El especialista argumenta: \u201ccuando se reducen los ingresos, las changas o las oportunidades de subsistencia l\u00edcita, aumentan los delitos contra la propiedad. Es un term\u00f3metro de la crisis social\u201d. En esa misma l\u00ednea, el trabajo de Zuban C\u00f3rdoba, titulado \u00abLa Inseguridad Avanza\u00bb y realizado a mediados de marzo en base a 1600 encuestas, puntualiza que el 54,2% est\u00e1 de acuerdo con la afirmaci\u00f3n de que \u201cla inseguridad aument\u00f3 debido al ajuste de Milei\u201d.<\/p>\n<p>La encuesta tambi\u00e9n discrimina de acuerdo a la zona geogr\u00e1fica. De all\u00ed surge que el para el 45% de los porte\u00f1os, la seguridad est\u00e1 peor desde que asumi\u00f3 Milei, mientras que el 59% se siente inseguro. Del otro lado de la General Paz, el 35,3% de los bonaerenses cree que desde diciembre de 2023 la seguridad empeor\u00f3 y el 52,9% se autopercibe inseguro.<\/p>\n<p>Por m\u00e1s que los medios de comunicaci\u00f3n muestren al territorio bonaerense como el lugar m\u00e1s peligroso del pa\u00eds, lo cierto es que en proporci\u00f3n a la cantidad de habitantes y de robos, la jurisdicci\u00f3n est\u00e1 mejor que el promedio nacional cuya tasa en 2024 fue de mil robos cada 100 mil habitantes. En ese mismo per\u00edodo, la provincia registr\u00f3 una tasa de 706 robos cada 100 mil habitantes; mientras que la Ciudad de Buenos Aires encabez\u00f3 ese ranking con 2267 robos cada 100 mil habitantes.<\/p>\n<p>\u00bfUn tipo de delito que creci\u00f3 exponencialmente en este a\u00f1o y medio y refleja la crisis? El robo en colectivos. Otro: el \u00abrobo pira\u00f1a\u00bb. Ya en el primer semestre de 2024 se hab\u00eda registrado un crecimiento del 23% de los robos a autos particulares en el AMBA en comparaci\u00f3n con el primer semestre de 2023, seg\u00fan datos de Ituran Argentina. \u00abLo que creci\u00f3 de manera exponencial en n\u00fameros alarmante es el robo automotor. Se da en momentos de crisis econ\u00f3mica donde la compra de repuestos en las casas oficiales se hace dif\u00edcil y van al mercado negro de autopartes\u00bb, explic\u00f3 una fiscal con vasta experiencia.<\/p>\n<p>&nbsp;<\/p>\n<p><strong>El discurso de \u00abmano dura\u00bb sin resultados<\/strong><\/p>\n<p>Entre los encuestados, la frase \u201cMilei habla sobre la inseguridad, pero no est\u00e1 haciendo nada para frenarla\u201d recogi\u00f3 un 58,6% de adhesi\u00f3n. Sin embargo, casi 6 de cada 10 coinciden en la necesidad de m\u00e1s punitivismo para resolver esta problem\u00e1tica, algo que este gobierno se encarga de explotar al m\u00e1ximo sin mencionar la incidencia del ajuste social del cual \u00e9l mismo es autor.<\/p>\n<p>\u201cLa contraposici\u00f3n entre mano dura y garantismo se instal\u00f3 como clivaje pol\u00edtico en los \u201990, pero en la pr\u00e1ctica nunca se tradujo en pol\u00edticas de seguridad concretas\u201d, detalla Lorenc Valcarce. El ejemplo m\u00e1s claro fue el discurso de \u201cmeter bala a los delincuentes\u201d de Carlos Ruckauf, quien termin\u00f3 siendo gobernador de la provincia. A pesar de ello, \u201cno hubo mejoras en la seguridad, m\u00e1s bien al contrario. Es parad\u00f3jico que hoy escuchemos el mismo canto de sirenas\u201d. El soci\u00f3logo ve una novedad en el escenario actual: \u00abdesde ciertos espacios pol\u00edticos, esa discusi\u00f3n se desplaza hacia el Poder Judicial, indicando que las decisiones sobre detenciones y liberaciones las toman jueces y fiscales. Ni leyes duras ni polic\u00edas implacables aportan soluciones al delito com\u00fan\u201d.<\/p>\n<p>Para el especialista, \u201ces curioso que el gobierno nacional elija atacar a Axel Kicillof atribuy\u00e9ndole ideas garantistas (\u2018zaffaronianas\u2019) cuando sus ministros \u2014primero Sergio Berni y ahora Javier Alonso\u2014 tuvieron una pol\u00edtica pragm\u00e1tica de control territorial del delito y se\u00f1alaron reiteradamente a fiscales y jueces por liberar detenidos. Desde su irrupci\u00f3n hace casi 30 a\u00f1os, la \u2018mano dura\u2019 tiene m\u00e1s peso simb\u00f3lico que eficacia real. Puede generar alg\u00fan r\u00e9dito electoral de corto plazo, pero no produce los resultados prometidos\u201d.<\/p>\n<p>&nbsp;<\/p>\n<p><strong>El \u00abcontrol\u00bb de la calle<\/strong><\/p>\n<p>En paralelo, la ministra de Seguridad Patricia Bullrich se jacta de haber \u201crecuperado el control de la calle\u201d tras haber \u00abeliminado\u00bb los piquetes en la Ciudad de Buenos Aires con la aplicaci\u00f3n del cuestionado protocolo, que tuvo su punto m\u00e1s \u00e1lgido el mi\u00e9rcoles 12 de marzo cuando los integrantes de las cuatro fuerzas de seguridad que conduce la funcionaria reprimieron a los jubilados y a quienes hab\u00edan asistido a apoyar su reclamo en las inmediaciones del Congreso. Este \u00faltimo mi\u00e9rcoles volvieron a disparar gases y herir manifestantes. Y quienes cortaron la calle fueron los propios polic\u00edas.<\/p>\n<p>&nbsp;<\/p>\n<p><strong>Sondeos y opini\u00f3n p\u00fablica<\/strong><\/p>\n<p>En los sondeos, la percepci\u00f3n de la seguridad no necesariamente va de la mano de informaci\u00f3n certera. \u201cLas encuestas muestran que hay siempre una parte de la poblaci\u00f3n que cree que la inseguridad aument\u00f3, incluso en contextos donde los datos muestran una baja\u201d, precis\u00f3 el soci\u00f3logo Federico Lorenc Valcarce.<\/p>\n<p>\u201cCuando se trata de la opini\u00f3n p\u00fablica, me parece m\u00e1s relevante observar la gravedad que las personas atribuyen a la situaci\u00f3n delictiva, y si eso se asocia con la preferencia por soluciones m\u00e1s punitivas o m\u00e1s integrales. De todos modos, cuando la poblaci\u00f3n percibe m\u00e1s inseguridad, la atribuci\u00f3n de responsabilidad pol\u00edtica suele ser ambigua: el gobierno nacional paga un costo pol\u00edtico, aunque su capacidad de intervenci\u00f3n real es limitada\u00bb.<\/p>\n<p>\u201cLas campa\u00f1as pol\u00edticas, y las operaciones en redes y medios tradicionales, usualmente se montan sobre casos resonantes, tratan de establecer una conexi\u00f3n directa entre una situaci\u00f3n que se presenta como grave (\u201cba\u00f1o de sangre\u201d), una responsabilidad pol\u00edtica (\u201cc\u00f3rrase del camino\u201d) y una propuesta \u2018innovadora\u2019 como la \u2018mano dura\u2019\u201d, grafic\u00f3 Lorenc Valcarce.<\/p>\n<p>&nbsp;<\/p>\n<p><strong>Se va el Estado del territorio, crece el narco<\/strong><\/p>\n<p>Mientras el oficialismo plantea la baja de la edad de imputabilidad y la existencia de la denominada \u00abpuerta giratoria\u00bb, el gobierno quita o reduce programas que contienen a los sectores m\u00e1s vulnerables en los barrios. Tiempo atr\u00e1s, el cura villero de Moreno Leonardo Silio le dijo a este diario que se trata de \u201cuna regla de tres simple: cuando desaparece el Estado, aparecen otras cosas en el barrio y no son justamente buenas. Por eso siempre bregamos por una presencia inteligente del Estado, porque frente a su ausencia empiezan a crecer otras fuerzas. La del narcotr\u00e1fico impacta mucho en los adolescentes y ni\u00f1os del barrio. Ellos, f\u00e1cilmente, entran en el comercio de la droga para tener ese dinero que no pueden alcanzar de otra forma. Nos encontramos con que much\u00edsimos chicos han abandonado la escuela porque se encuentran inmersos en este flagelo tan dram\u00e1tico\u201d.<\/p>\n<p>El sacerdote advirti\u00f3 que \u201chay muchas realidades en diferentes barrios con din\u00e1micas muy distintas. Sabemos de muchos espacios donde la persona que tiene el dinero es la persona que maneja el barrio. Cuando desaparece el Estado, tambi\u00e9n aparece el pudiente (en el caso del barrio es el narco), para sostener una olla popular, una escuela, un jard\u00edn, un mont\u00f3n de cosas. Esa persona que est\u00e1 ganando dinero il\u00edcitamente y haciendo mal a tantas familias, termina siendo el h\u00e9roe del barrio\u201d.<\/p>\n<p>&nbsp;<\/p>\n<p><strong>Per\u00fa, el modelo al que aspira el Gobierno y que est\u00e1 entre los pa\u00edses m\u00e1s inseguros del continente<\/strong><\/p>\n<p>\u00abArgentina empieza a parecerse m\u00e1s a Per\u00fa\u00bb. Con esas palabras se vanaglori\u00f3 el ministro de Econom\u00eda, Luis Caputo, d\u00edas atr\u00e1s, sobre el rumbo econ\u00f3mico de su gobierno. Per\u00fa es el faro a seguir. Lo que no dijo es que el pa\u00eds incaico se distingue por su marcada desigualdad, que redunda en reiteradas cifras que dan cuenta de hechos de inseguridad y violencia. Un estudio internacional de CID Gallup, publicado en noviembre de 2023, expuso el ranking de percepci\u00f3n de criminalidad en Latinoam\u00e9rica: Per\u00fa ocupa el primer puesto y de lejos. La mayor\u00eda de peruanos experimenta preocupaci\u00f3n y temor, debido al alza generalizada de la delincuencia en el pa\u00eds.<\/p>\n<p>Numbeo, una plataforma de an\u00e1lisis de datos, tambi\u00e9n public\u00f3 recientemente su ranking sobre la calidad de vida en los pa\u00edses de Am\u00e9rica Latina. Analiza factores como la seguridad y el costo de vida. Lo lidera Venezuela, con 79,7 puntos. Per\u00fa ocupa la segunda posici\u00f3n, con 86 puntos.<\/p>\n<p>Numbeo tambi\u00e9n tiene un ranking de criminalidad. En Latinoam\u00e9rica, Per\u00fa (con un \u00cdndice de criminalidad de 67,12) est\u00e1 quinto, apenas por detr\u00e1s de Venezuela, Honduras, Trinidad y Tobago y Jamaica. Hacia ah\u00ed va la Argentina, seg\u00fan el propio gobierno de Javier Milei y su equipo econ\u00f3mico.<\/p>\n","protected":false},"excerpt":{"rendered":"<p>Mientras LLA apela al punitivismo y a la represi\u00f3n, la crisis producida por la motosierra repercute en un crecimiento de los delitos relacionados a la precariedad econ\u00f3mica. Un 52% cree que los asaltos aumentaron con este gobierno. El avance narco ante la ausencia del Estado &nbsp; &nbsp; El gobierno nacional no sorprende. Su pol\u00edtica para destruir al Estado se reduce a ajustar, entregar recursos naturales, reprimir la protesta social y exaltar un discurso punitivista, a la medida de una sociedad que no encuentra salida a la crisis econ\u00f3mica. Sin embargo,&#8230;<\/p>\n","protected":false},"author":3,"featured_media":126603,"comment_status":"closed","ping_status":"closed","sticky":false,"template":"","format":"standard","meta":[],"categories":[9],"tags":[],"_links":{"self":[{"href":"https:\/\/www.actualidadadiario.com\/index.php\/wp-json\/wp\/v2\/posts\/126602"}],"collection":[{"href":"https:\/\/www.actualidadadiario.com\/index.php\/wp-json\/wp\/v2\/posts"}],"about":[{"href":"https:\/\/www.actualidadadiario.com\/index.php\/wp-json\/wp\/v2\/types\/post"}],"author":[{"embeddable":true,"href":"https:\/\/www.actualidadadiario.com\/index.php\/wp-json\/wp\/v2\/users\/3"}],"replies":[{"embeddable":true,"href":"https:\/\/www.actualidadadiario.com\/index.php\/wp-json\/wp\/v2\/comments?post=126602"}],"version-history":[{"count":1,"href":"https:\/\/www.actualidadadiario.com\/index.php\/wp-json\/wp\/v2\/posts\/126602\/revisions"}],"predecessor-version":[{"id":126604,"href":"https:\/\/www.actualidadadiario.com\/index.php\/wp-json\/wp\/v2\/posts\/126602\/revisions\/126604"}],"wp:featuredmedia":[{"embeddable":true,"href":"https:\/\/www.actualidadadiario.com\/index.php\/wp-json\/wp\/v2\/media\/126603"}],"wp:attachment":[{"href":"https:\/\/www.actualidadadiario.com\/index.php\/wp-json\/wp\/v2\/media?parent=126602"}],"wp:term":[{"taxonomy":"category","embeddable":true,"href":"https:\/\/www.actualidadadiario.com\/index.php\/wp-json\/wp\/v2\/categories?post=126602"},{"taxonomy":"post_tag","embeddable":true,"href":"https:\/\/www.actualidadadiario.com\/index.php\/wp-json\/wp\/v2\/tags?post=126602"}],"curies":[{"name":"wp","href":"https:\/\/api.w.org\/{rel}","templated":true}]}}