{"id":126600,"date":"2025-03-31T10:36:19","date_gmt":"2025-03-31T13:36:19","guid":{"rendered":"https:\/\/www.actualidadadiario.com\/?p=126600"},"modified":"2025-03-31T10:36:19","modified_gmt":"2025-03-31T13:36:19","slug":"el-indec-revelara-el-dato-de-pobreza-del-segundo-semestre-de-2024-que-estiman-las-consultoras-y-el-gobierno","status":"publish","type":"post","link":"https:\/\/www.actualidadadiario.com\/index.php\/2025\/03\/31\/el-indec-revelara-el-dato-de-pobreza-del-segundo-semestre-de-2024-que-estiman-las-consultoras-y-el-gobierno\/","title":{"rendered":"El INDEC revelar\u00e1 el dato de pobreza del segundo semestre de 2024: qu\u00e9 estiman las consultoras y el Gobierno"},"content":{"rendered":"<p style=\"text-align: center;\"><em><strong>Seg\u00fan las proyecciones, hubo una ca\u00edda en el \u00edndice de pobreza y de indigencia en comparaci\u00f3n con el primer semestre de 2024, marcado por la devaluaci\u00f3n y la recesi\u00f3n<\/strong><\/em><\/p>\n<p>&nbsp;<\/p>\n<p>&nbsp;<\/p>\n<p>Este lunes 31 de marzo el INDEC dar\u00e1 a conocer los datos de pobreza correspondientes al segundo semestre de 2024. Seg\u00fan los especialistas, el \u00edndice podr\u00eda haber cerrado el a\u00f1o pasado en 37%, por el descenso de la inflaci\u00f3n.<\/p>\n<p>En cuanto a la indigencia, las proyecciones indican que oscilar\u00eda entre el 8% y el 10%, una baja significativa frente al 18,1% del primer semestre de 2024 y el 11,9% de la segunda mitad de 2023. Estos datos reflejar\u00edan dos per\u00edodos marcadamente distintos en el a\u00f1o. Durante los primeros meses de 2024, la pobreza y la indigencia se dispararon debido a la fuerte devaluaci\u00f3n del peso en diciembre de 2023, el aumento de la inflaci\u00f3n, la ca\u00edda en la actividad econ\u00f3mica, la reducci\u00f3n del empleo y el ajuste en salarios y programas sociales.<\/p>\n<p>En contraste, en la segunda mitad del a\u00f1o se observ\u00f3 una mejora impulsada por la desaceleraci\u00f3n de la inflaci\u00f3n, una recuperaci\u00f3n parcial en la actividad econ\u00f3mica y un aumento en los ingresos de los hogares, aunque con diferencias seg\u00fan los sectores. Un factor clave fue el incremento en la asistencia del Estado, particularmente a trav\u00e9s de la Asignaci\u00f3n Universal por Hijo (AUH) y la Tarjeta Alimentaria, fundamentales en la reducci\u00f3n de la indigencia, pol\u00edtica que se mantuvo del Gobierno anterior.<\/p>\n<p>&nbsp;<\/p>\n<p><strong>Pobreza: el dato que brind\u00f3 CABA<\/strong><\/p>\n<p>Las tasas de pobreza e indigencia en la Ciudad Aut\u00f3noma de Buenos Aires (CABA) tuvieron una fuerte ca\u00edda en el \u00faltimo trimestre de 2024 respecto de igual per\u00edodo de 2023, inform\u00f3 el Instituto de Estad\u00edstica y Censos de la Ciudad (Idecba) en base a los datos de la Encuesta Trimestral de Ocupaci\u00f3n e Ingresos (ETOI), un relevamiento continuo que arroj\u00f3 que sobre 3.086.000 personas que viven en territorio porte\u00f1o, un 24,2% son pobres, lo que signific\u00f3 un importante retroceso respecto de la tasa de pobreza de fines de 2023, cuando era del 30,2%. El n\u00famero de pobres cay\u00f3 as\u00ed de 928.000 a 746.000 personas, esto es 182.000 pobres menos.<\/p>\n<p>A su vez, la tasa de indigencia, esto es el porcentaje de personas que no solo no alcanzan a cubrir con sus ingresos la Canasta B\u00e1sica Total (CBT), sino tampoco la Canasta B\u00e1sica Alimentaria (CBA) retrocedi\u00f3 de 12,2 a 6,5%, lo que significa que el n\u00famero de indigentes retrocedi\u00f3 de 376.500 a 200.590 personas, de lo cual se desprende que 176.000 personas salieron de la indigencia.<\/p>\n<p>&nbsp;<\/p>\n<p><strong>La estimaci\u00f3n del Gobierno y lo que opinan los an\u00e1lisis privados<\/strong><\/p>\n<p>En oportunidad de su discurso por la apertura de sesiones ordinarias, el presidente Javier Milei se refiri\u00f3 a la situaci\u00f3n de la pobreza en el pa\u00eds, referenciando los n\u00fameros correspondientes al final del 2024.<\/p>\n<p>El mandatario destac\u00f3: &#8220;La pobreza baj\u00f3 del 56% al 33% de acuerdo al \u00faltimo dato trimestral. Que en cantidad de habitantes se traduce en 10 millones de personas que salieron de la l\u00ednea de la pobreza&#8221;.<\/p>\n<p>&#8220;Esta ca\u00edda se vio impulsada por la baja de la inflaci\u00f3n, el aumento sostenido de los salarios reales y las jubilaciones, y el aumento de la AUH en t\u00e9rminos reales y del Plan Alimentar&#8221;, argument\u00f3.<\/p>\n<p>&#8220;En definitiva, ajustar a la pol\u00edtica no solo no es recesivo, es expansivo. Y elimina la pobreza&#8221;, agreg\u00f3, y exclam\u00f3 en ese entonces: &#8220;\u00bfQuieren terminar con la pobreza? Terminen con el curro de la pol\u00edtica&#8221;.<\/p>\n<p>Para la Universidad Di Tella, la tasa de pobreza en la Argentina habr\u00eda estado por debajo de 37% en el segundo semestre del a\u00f1o pasado. De confirmarse el dato, ser\u00eda una ca\u00edda importante con relaci\u00f3n al 52,9% al que lleg\u00f3 la medici\u00f3n en la primera parte de 2024. De esta forma, ser\u00eda el nivel m\u00e1s bajo desde el primer semestre de 2022 (36,5%).<\/p>\n","protected":false},"excerpt":{"rendered":"<p>Seg\u00fan las proyecciones, hubo una ca\u00edda en el \u00edndice de pobreza y de indigencia en comparaci\u00f3n con el primer semestre de 2024, marcado por la devaluaci\u00f3n y la recesi\u00f3n &nbsp; &nbsp; Este lunes 31 de marzo el INDEC dar\u00e1 a conocer los datos de pobreza correspondientes al segundo semestre de 2024. Seg\u00fan los especialistas, el \u00edndice podr\u00eda haber cerrado el a\u00f1o pasado en 37%, por el descenso de la inflaci\u00f3n. En cuanto a la indigencia, las proyecciones indican que oscilar\u00eda entre el 8% y el 10%, una baja significativa frente&#8230;<\/p>\n","protected":false},"author":3,"featured_media":51253,"comment_status":"closed","ping_status":"closed","sticky":false,"template":"","format":"standard","meta":[],"categories":[2],"tags":[],"_links":{"self":[{"href":"https:\/\/www.actualidadadiario.com\/index.php\/wp-json\/wp\/v2\/posts\/126600"}],"collection":[{"href":"https:\/\/www.actualidadadiario.com\/index.php\/wp-json\/wp\/v2\/posts"}],"about":[{"href":"https:\/\/www.actualidadadiario.com\/index.php\/wp-json\/wp\/v2\/types\/post"}],"author":[{"embeddable":true,"href":"https:\/\/www.actualidadadiario.com\/index.php\/wp-json\/wp\/v2\/users\/3"}],"replies":[{"embeddable":true,"href":"https:\/\/www.actualidadadiario.com\/index.php\/wp-json\/wp\/v2\/comments?post=126600"}],"version-history":[{"count":1,"href":"https:\/\/www.actualidadadiario.com\/index.php\/wp-json\/wp\/v2\/posts\/126600\/revisions"}],"predecessor-version":[{"id":126601,"href":"https:\/\/www.actualidadadiario.com\/index.php\/wp-json\/wp\/v2\/posts\/126600\/revisions\/126601"}],"wp:featuredmedia":[{"embeddable":true,"href":"https:\/\/www.actualidadadiario.com\/index.php\/wp-json\/wp\/v2\/media\/51253"}],"wp:attachment":[{"href":"https:\/\/www.actualidadadiario.com\/index.php\/wp-json\/wp\/v2\/media?parent=126600"}],"wp:term":[{"taxonomy":"category","embeddable":true,"href":"https:\/\/www.actualidadadiario.com\/index.php\/wp-json\/wp\/v2\/categories?post=126600"},{"taxonomy":"post_tag","embeddable":true,"href":"https:\/\/www.actualidadadiario.com\/index.php\/wp-json\/wp\/v2\/tags?post=126600"}],"curies":[{"name":"wp","href":"https:\/\/api.w.org\/{rel}","templated":true}]}}