{"id":126593,"date":"2025-03-31T10:33:58","date_gmt":"2025-03-31T13:33:58","guid":{"rendered":"https:\/\/www.actualidadadiario.com\/?p=126593"},"modified":"2025-03-31T10:33:58","modified_gmt":"2025-03-31T13:33:58","slug":"desde-este-martes-las-facturas-deberan-detallar-el-iva-en-bienes-y-servicios","status":"publish","type":"post","link":"https:\/\/www.actualidadadiario.com\/index.php\/2025\/03\/31\/desde-este-martes-las-facturas-deberan-detallar-el-iva-en-bienes-y-servicios\/","title":{"rendered":"Desde este martes las facturas deber\u00e1n detallar el IVA en bienes y servicios"},"content":{"rendered":"<p style=\"text-align: center;\"><em><strong>Los consumidores finales no deber\u00e1n realizar ninguna operaci\u00f3n. La medida de ARCA rige desde abril. Desde el Gobierno destacan que es una pol\u00edtica de \u201ctransparencia fiscal\u201d<\/strong><\/em><\/p>\n<p>&nbsp;<\/p>\n<p>&nbsp;<\/p>\n<p>A partir de este martes 1 de abril, todas las facturas emitidas por vendedores de bienes y servicios deber\u00e1n detallar en el monto correspondiente al componente impositivo.<\/p>\n<p>La obligaci\u00f3n de incluir la fracci\u00f3n tributaria en los tickets de compra se extiende, a partir de este mes, a todo el universo de contribuyentes, de acuerdo al cronograma dispuesto por la Agencia de Recaudaci\u00f3n y Control Aduanero (ARCA) para la implementaci\u00f3n del r\u00e9gimen de transparencia fiscal.<\/p>\n<p>Desde enero, la medida instrumentada por medio de la Resoluci\u00f3n General N\u00b0 5.614\/2024 estaba vigente para las grandes empresas. No obstante, quienes emit\u00edan comprobantes a trav\u00e9s de facturaci\u00f3n electr\u00f3nica con sistemas del organismo como Facturador M\u00f3vil o Comprobantes en L\u00ednea, ya contaban con la posibilidad de discriminar el IVA en sus tickets de compra.<\/p>\n<p>Ahora la obligaci\u00f3n se extiende a todo el universo de comercializadores de cualquier tipo de bien o servicio.<\/p>\n<p>De esta manera, los consumidores podr\u00e1n visualizar de forma clara y transparente la presi\u00f3n fiscal que incide sobre el precio final de los productos. Los comprobantes deben mostrarse en un apartado del ticket donde se desglosa el impuesto al valor agregado (IVA) y los impuestos internos en el campo \u201cOtros impuestos nacionales indirectos\u201d.<\/p>\n<p>&nbsp;<\/p>\n<p><strong>\u00bfEl consumidor final debe hacer alg\u00fan cambio?<\/strong><\/p>\n<p>El consumidor final no debe hacer ninguna operaci\u00f3n. En la factura o ticket de compra leer\u00e1n la leyenda \u201cR\u00e9gimen de Transparencia Fiscal al Consumidor Ley 27.743)\u201d, donde estar\u00e1n discriminados los impuestos anteriormente detallados.<\/p>\n<p>&nbsp;<\/p>\n<p><strong>\u00bfCu\u00e1l es el objetivo del r\u00e9gimen de transparencia fiscal?<\/strong><\/p>\n<p>El objetivo es reafirmar el compromiso del gobierno nacional con la transparencia fiscal, permitiendo a los consumidores conocer el impacto de los impuestos en las operaciones y que puedan contar con informaci\u00f3n para tomar sus decisiones comerciales con plena libertad.<\/p>\n","protected":false},"excerpt":{"rendered":"<p>Los consumidores finales no deber\u00e1n realizar ninguna operaci\u00f3n. La medida de ARCA rige desde abril. Desde el Gobierno destacan que es una pol\u00edtica de \u201ctransparencia fiscal\u201d &nbsp; &nbsp; A partir de este martes 1 de abril, todas las facturas emitidas por vendedores de bienes y servicios deber\u00e1n detallar en el monto correspondiente al componente impositivo. La obligaci\u00f3n de incluir la fracci\u00f3n tributaria en los tickets de compra se extiende, a partir de este mes, a todo el universo de contribuyentes, de acuerdo al cronograma dispuesto por la Agencia de Recaudaci\u00f3n&#8230;<\/p>\n","protected":false},"author":3,"featured_media":126594,"comment_status":"closed","ping_status":"closed","sticky":false,"template":"","format":"standard","meta":[],"categories":[2],"tags":[],"_links":{"self":[{"href":"https:\/\/www.actualidadadiario.com\/index.php\/wp-json\/wp\/v2\/posts\/126593"}],"collection":[{"href":"https:\/\/www.actualidadadiario.com\/index.php\/wp-json\/wp\/v2\/posts"}],"about":[{"href":"https:\/\/www.actualidadadiario.com\/index.php\/wp-json\/wp\/v2\/types\/post"}],"author":[{"embeddable":true,"href":"https:\/\/www.actualidadadiario.com\/index.php\/wp-json\/wp\/v2\/users\/3"}],"replies":[{"embeddable":true,"href":"https:\/\/www.actualidadadiario.com\/index.php\/wp-json\/wp\/v2\/comments?post=126593"}],"version-history":[{"count":1,"href":"https:\/\/www.actualidadadiario.com\/index.php\/wp-json\/wp\/v2\/posts\/126593\/revisions"}],"predecessor-version":[{"id":126595,"href":"https:\/\/www.actualidadadiario.com\/index.php\/wp-json\/wp\/v2\/posts\/126593\/revisions\/126595"}],"wp:featuredmedia":[{"embeddable":true,"href":"https:\/\/www.actualidadadiario.com\/index.php\/wp-json\/wp\/v2\/media\/126594"}],"wp:attachment":[{"href":"https:\/\/www.actualidadadiario.com\/index.php\/wp-json\/wp\/v2\/media?parent=126593"}],"wp:term":[{"taxonomy":"category","embeddable":true,"href":"https:\/\/www.actualidadadiario.com\/index.php\/wp-json\/wp\/v2\/categories?post=126593"},{"taxonomy":"post_tag","embeddable":true,"href":"https:\/\/www.actualidadadiario.com\/index.php\/wp-json\/wp\/v2\/tags?post=126593"}],"curies":[{"name":"wp","href":"https:\/\/api.w.org\/{rel}","templated":true}]}}