{"id":126587,"date":"2025-03-31T10:31:33","date_gmt":"2025-03-31T13:31:33","guid":{"rendered":"https:\/\/www.actualidadadiario.com\/?p=126587"},"modified":"2025-03-31T10:31:33","modified_gmt":"2025-03-31T13:31:33","slug":"el-salario-real-freno-su-rebote-y-cayo-dos-meses-seguidos","status":"publish","type":"post","link":"https:\/\/www.actualidadadiario.com\/index.php\/2025\/03\/31\/el-salario-real-freno-su-rebote-y-cayo-dos-meses-seguidos\/","title":{"rendered":"El salario real fren\u00f3 su rebote y cay\u00f3 dos meses seguidos"},"content":{"rendered":"<p style=\"text-align: center;\"><em><strong>Hubo una baja del 0,3% durante enero y ahora los sueldos est\u00e1n 5,5% por debajo del nivel real que ten\u00edan en noviembre del 2023, antes de la asunci\u00f3n del actual Gobierno<\/strong><\/em><\/p>\n<p>&nbsp;<\/p>\n<p>&nbsp;<\/p>\n<p>El salario real se consolida como un nuevo ancla antiinflaci\u00f3n: interrumpi\u00f3 la recuperaci\u00f3n lenta y parcial que hab\u00eda iniciado en abril y hab\u00eda llegado hasta noviembre. En diciembre mostr\u00f3 una baja y en enero se consolid\u00f3 con una segunda contracci\u00f3n del 0,3% real. Aunque nunca llegaron a los niveles que ten\u00edan en noviembre del 2023, justo antes de la megadevaluaci\u00f3n de los d\u00edas posteriores a la asunci\u00f3n de Javier Milei, hoy siguen 5,5% por debajo de ese punto. Aunque inicialmente apunt\u00f3 a su rebote para dinamizar la actividad, ahora el Gobierno viene coordinando paritarias por debajo del IPC para priorizar su lucha antiinflacionaria, junto con el atraso cambiario y las tarifas subiendo menos de lo esperado.<\/p>\n<p>El Indec public\u00f3 el \u00cdndice de Salarios de enero, que mostr\u00f3 que el total de los registrados cay\u00f3 por segundo mes consecutivo, con una baja del 0,3%, en una contracci\u00f3n casi id\u00e9ntica a la del mes anterior, aunque empeor\u00f3 la baja acumulada desde que asumi\u00f3 el actual Gobierno: ahora los sueldos registrados est\u00e1n 5,5% por debajo de noviembre del 2023 en t\u00e9rminos reales. Eso es mucho peor para los empleados p\u00fablicos, que tal como destac\u00f3 la consultora ACM hoy est\u00e1n un 16% real abajo, mientras que los privados est\u00e1n 0,7% arriba.<\/p>\n<p>Aunque el Ministerio de Econom\u00eda celebr\u00f3 el viernes pasado, tras la publicaci\u00f3n del dato oficial del Indec, por una supuesta mejora del \u00cdndice de Salarios total del 0,6% real, en realidad vale destacar que la mirada sobre el total del \u00cdndice incluye a los salarios privados no registrados, dato que el Indec publica con 5 meses de rezago, ya que lo obtiene a partir de la EPH, que para relevar los ingresos de enero del 2025 todav\u00eda est\u00e1 en campo. De hecho, ACM destac\u00f3 que el salario no registrado creci\u00f3 24,2% si se mira ese n\u00famero y reconoci\u00f3 que el n\u00famero \u201cest\u00e1 probablemente sobrestimado por el rezago de la serie\u201d.<\/p>\n<p>El director de la consultora Analytica, Claudio Caprarulo, se\u00f1al\u00f3: \u201cLa recuperaci\u00f3n del salario encontr\u00f3 un techo. \u00bfPor qu\u00e9? Primero, porque el Gobierno coordina paritarias por debajo de la inflaci\u00f3n objetivo; el salario como ancla. Segundo, porque se fren\u00f3 la desaceleraci\u00f3n de la inflaci\u00f3n. Y, tercero, porque hay m\u00e1s demanda de trabajo, de ocupados y desempleados, que oferta\u201d.<\/p>\n<p>Coincidi\u00f3 en que el salario volvi\u00f3 a ser ancla contra la din\u00e1mica inflacionaria, hace algunas semanas, la consultora Fundaci\u00f3n Capital: \u201cSe advierte una pol\u00edtica salarial m\u00e1s dura, donde las autoridades no avalar\u00edan paritarias que superen la inflaci\u00f3n, cuesti\u00f3n que vienen a adicionarse a las pol\u00edticas fiscal y monetaria restrictivas y una brecha que se mantiene intervenida\u201d.<\/p>\n<p>Detr\u00e1s de la ca\u00edda del salario est\u00e1 la baja del consumo masivo, que, seg\u00fan el propio Indec, a partir de la medici\u00f3n oficial de las ventas de los supermercados, fue del 7,7% en comparaci\u00f3n con noviembre del 2023, m\u00e1s all\u00e1 de que anot\u00f3 un rebote del 1,9% mensual desestacionalizado en enero.<\/p>\n","protected":false},"excerpt":{"rendered":"<p>Hubo una baja del 0,3% durante enero y ahora los sueldos est\u00e1n 5,5% por debajo del nivel real que ten\u00edan en noviembre del 2023, antes de la asunci\u00f3n del actual Gobierno &nbsp; &nbsp; El salario real se consolida como un nuevo ancla antiinflaci\u00f3n: interrumpi\u00f3 la recuperaci\u00f3n lenta y parcial que hab\u00eda iniciado en abril y hab\u00eda llegado hasta noviembre. En diciembre mostr\u00f3 una baja y en enero se consolid\u00f3 con una segunda contracci\u00f3n del 0,3% real. Aunque nunca llegaron a los niveles que ten\u00edan en noviembre del 2023, justo antes&#8230;<\/p>\n","protected":false},"author":3,"featured_media":40762,"comment_status":"closed","ping_status":"closed","sticky":false,"template":"","format":"standard","meta":[],"categories":[9],"tags":[],"_links":{"self":[{"href":"https:\/\/www.actualidadadiario.com\/index.php\/wp-json\/wp\/v2\/posts\/126587"}],"collection":[{"href":"https:\/\/www.actualidadadiario.com\/index.php\/wp-json\/wp\/v2\/posts"}],"about":[{"href":"https:\/\/www.actualidadadiario.com\/index.php\/wp-json\/wp\/v2\/types\/post"}],"author":[{"embeddable":true,"href":"https:\/\/www.actualidadadiario.com\/index.php\/wp-json\/wp\/v2\/users\/3"}],"replies":[{"embeddable":true,"href":"https:\/\/www.actualidadadiario.com\/index.php\/wp-json\/wp\/v2\/comments?post=126587"}],"version-history":[{"count":1,"href":"https:\/\/www.actualidadadiario.com\/index.php\/wp-json\/wp\/v2\/posts\/126587\/revisions"}],"predecessor-version":[{"id":126588,"href":"https:\/\/www.actualidadadiario.com\/index.php\/wp-json\/wp\/v2\/posts\/126587\/revisions\/126588"}],"wp:featuredmedia":[{"embeddable":true,"href":"https:\/\/www.actualidadadiario.com\/index.php\/wp-json\/wp\/v2\/media\/40762"}],"wp:attachment":[{"href":"https:\/\/www.actualidadadiario.com\/index.php\/wp-json\/wp\/v2\/media?parent=126587"}],"wp:term":[{"taxonomy":"category","embeddable":true,"href":"https:\/\/www.actualidadadiario.com\/index.php\/wp-json\/wp\/v2\/categories?post=126587"},{"taxonomy":"post_tag","embeddable":true,"href":"https:\/\/www.actualidadadiario.com\/index.php\/wp-json\/wp\/v2\/tags?post=126587"}],"curies":[{"name":"wp","href":"https:\/\/api.w.org\/{rel}","templated":true}]}}