{"id":126580,"date":"2025-03-31T09:53:16","date_gmt":"2025-03-31T12:53:16","guid":{"rendered":"https:\/\/www.actualidadadiario.com\/?p=126580"},"modified":"2025-03-31T09:53:16","modified_gmt":"2025-03-31T12:53:16","slug":"ceso-el-alerta-en-entre-rios-se-disiparan-las-lluvias-y-preven-otra-baja-de-temperaturas","status":"publish","type":"post","link":"https:\/\/www.actualidadadiario.com\/index.php\/2025\/03\/31\/ceso-el-alerta-en-entre-rios-se-disiparan-las-lluvias-y-preven-otra-baja-de-temperaturas\/","title":{"rendered":"Ces\u00f3 el alerta en Entre R\u00edos: se disipar\u00e1n las lluvias y prev\u00e9n otra baja de temperaturas"},"content":{"rendered":"<p style=\"text-align: center;\"><em><strong>Los fuertes vientos bajaron las temperaturas, pero se prev\u00e9n d\u00edas m\u00e1s frescos durante la semana. Las lluvias se ir\u00e1n disipando durante la jornada<\/strong><\/em><\/p>\n<p>&nbsp;<\/p>\n<p>&nbsp;<\/p>\n<p>El Servicio Meteorol\u00f3gico Nacional -SMN- informa que ces\u00f3 el alerta que reg\u00eda sobre Entre R\u00edos. De todos modos, se aguardan algunas lluvias ocasionales y aisladas hasta la tarde. Luego mejora el tiempo.<\/p>\n<p>Las tormentas comenzaron este domingo por la noche, tal como estaba anunciado. Los fuertes vientos del sur provocaron un desplazamiento de la masa de aire caliente y h\u00fameda, para dar lugar a una baja de temperaturas.<\/p>\n<p>Este lunes y martes tendr\u00e1 m\u00ednimas de entre 12 y 15 grados, con m\u00e1ximas de hasta 23 grados. El viernes llegar\u00e1 incluso una masa de aire m\u00e1s fresco que descender\u00e1 las m\u00ednimas a 11 grados y las m\u00e1ximas hasta 20 grados.<\/p>\n<p>&nbsp;<\/p>\n<p><strong>El tiempo para hoy<\/strong><\/p>\n<p>En Paran\u00e1, La Paz, Villaguay, Diamante y Nogoy\u00e1 la m\u00ednima ser\u00e1 de 13 grados y la m\u00e1xima alcanzar\u00e1 los 23 grados. En la capital y alrededores se espera una jornada con cielo parcialmente nublado.<\/p>\n<p>En Concordia, Federal, Feliciano, Federaci\u00f3n y San Salvador, en tanto, se aguarda una m\u00ednima de 15 grados y una m\u00e1xima de 23 grados. Se aguardan tormentas aisladas de ma\u00f1ana y lluvias d\u00e9biles hasta la tarde. Luego de noche no habr\u00e1 m\u00e1s precipitaciones.<\/p>\n<p>En Gualeguaych\u00fa, Col\u00f3n, Uruguay, Tala e Islas, se espera una m\u00ednima de 15 grados y una m\u00e1xima de 23 grados. Tambi\u00e9n se esperan posibles tormentas aisladas de noche, lluvias aisladas de tarde y cielo mayormente nublado de noche.<\/p>\n<p>Finalmente, en Victoria y Gualeguay anuncian 12 grados de m\u00ednima y 22 grados de m\u00e1xima, con posibles lluvias y tormentas aisladas de ma\u00f1ana y, luego, una mejora gradual de las condiciones del tiempo.<\/p>\n","protected":false},"excerpt":{"rendered":"<p>Los fuertes vientos bajaron las temperaturas, pero se prev\u00e9n d\u00edas m\u00e1s frescos durante la semana. Las lluvias se ir\u00e1n disipando durante la jornada &nbsp; &nbsp; El Servicio Meteorol\u00f3gico Nacional -SMN- informa que ces\u00f3 el alerta que reg\u00eda sobre Entre R\u00edos. De todos modos, se aguardan algunas lluvias ocasionales y aisladas hasta la tarde. Luego mejora el tiempo. Las tormentas comenzaron este domingo por la noche, tal como estaba anunciado. Los fuertes vientos del sur provocaron un desplazamiento de la masa de aire caliente y h\u00fameda, para dar lugar a una&#8230;<\/p>\n","protected":false},"author":3,"featured_media":126581,"comment_status":"closed","ping_status":"closed","sticky":false,"template":"","format":"standard","meta":[],"categories":[15],"tags":[],"_links":{"self":[{"href":"https:\/\/www.actualidadadiario.com\/index.php\/wp-json\/wp\/v2\/posts\/126580"}],"collection":[{"href":"https:\/\/www.actualidadadiario.com\/index.php\/wp-json\/wp\/v2\/posts"}],"about":[{"href":"https:\/\/www.actualidadadiario.com\/index.php\/wp-json\/wp\/v2\/types\/post"}],"author":[{"embeddable":true,"href":"https:\/\/www.actualidadadiario.com\/index.php\/wp-json\/wp\/v2\/users\/3"}],"replies":[{"embeddable":true,"href":"https:\/\/www.actualidadadiario.com\/index.php\/wp-json\/wp\/v2\/comments?post=126580"}],"version-history":[{"count":1,"href":"https:\/\/www.actualidadadiario.com\/index.php\/wp-json\/wp\/v2\/posts\/126580\/revisions"}],"predecessor-version":[{"id":126582,"href":"https:\/\/www.actualidadadiario.com\/index.php\/wp-json\/wp\/v2\/posts\/126580\/revisions\/126582"}],"wp:featuredmedia":[{"embeddable":true,"href":"https:\/\/www.actualidadadiario.com\/index.php\/wp-json\/wp\/v2\/media\/126581"}],"wp:attachment":[{"href":"https:\/\/www.actualidadadiario.com\/index.php\/wp-json\/wp\/v2\/media?parent=126580"}],"wp:term":[{"taxonomy":"category","embeddable":true,"href":"https:\/\/www.actualidadadiario.com\/index.php\/wp-json\/wp\/v2\/categories?post=126580"},{"taxonomy":"post_tag","embeddable":true,"href":"https:\/\/www.actualidadadiario.com\/index.php\/wp-json\/wp\/v2\/tags?post=126580"}],"curies":[{"name":"wp","href":"https:\/\/api.w.org\/{rel}","templated":true}]}}