{"id":126577,"date":"2025-03-31T09:52:05","date_gmt":"2025-03-31T12:52:05","guid":{"rendered":"https:\/\/www.actualidadadiario.com\/?p=126577"},"modified":"2025-03-31T09:52:05","modified_gmt":"2025-03-31T12:52:05","slug":"la-secretaria-de-derechos-humanos-de-santa-fe-difundio-la-busqueda-del-joven-chajariense-emiliano-urbani","status":"publish","type":"post","link":"https:\/\/www.actualidadadiario.com\/index.php\/2025\/03\/31\/la-secretaria-de-derechos-humanos-de-santa-fe-difundio-la-busqueda-del-joven-chajariense-emiliano-urbani\/","title":{"rendered":"La Secretar\u00eda de Derechos Humanos de Santa Fe difundi\u00f3 la b\u00fasqueda del joven chajariense Emiliano Urbani"},"content":{"rendered":"<p style=\"text-align: center;\"><em><strong>A trav\u00e9s de redes sociales, la Secretar\u00eda de Derechos Humanos de Santa Fe difundi\u00f3 la b\u00fasqueda del chajariense Emiliano Urbani. El joven estudia y vive en la capital de dicha provincia y es buscado intensamente. Seg\u00fan se supo, se perdi\u00f3 contacto el s\u00e1bado, desde aproximadamente las 18:30 horas<\/strong><\/em><\/p>\n<p>&nbsp;<\/p>\n<p>&nbsp;<\/p>\n<p>La Secretar\u00eda de Derechos Humanos de Santa Fe solicita cualquier informaci\u00f3n sobre EMILIANO URBANI, de 19 a\u00f1os de edad, quien habr\u00eda sido visto por \u00faltima vez el d\u00eda 29 de marzo de 2025 en la ciudad de Santa Fe.<\/p>\n<p>Tiene tez blanca, ojos marrones, contextura delgada, 1.72 mts de altura, cabellos casta\u00f1os cortos rapados. Vest\u00eda una remera blanca, shorts y alpargatas bord\u00f3. Presenta una cicatriz de apendicitis en el abdomen y una cicatriz de quemadura de moto en una de sus piernas, a la altura del gemelo.<\/p>\n<p>En su b\u00fasqueda interviene la Comisaria 1\u00b0 U.R.I. Y la Dra. Ana Laura Gioria de la Fiscal\u00eda Regional I<\/p>\n<p>Ante cualquier dato por favor contactarse con la Secretar\u00eda de Derechos Humanos en: Mendoza 3443 de la ciudad de Santa Fe o calle Santa Fe 1950 1\u00b0 Piso (oficina 137) de Rosario. Tambi\u00e9n comunicarse con: secretariaddhh@santafe.gov.ar y\/o registronstafe@santafe.gov.ar o por tel\u00e9fono: 342-5357756 | 342-5060007 | 0800-5553348.<\/p>\n","protected":false},"excerpt":{"rendered":"<p>A trav\u00e9s de redes sociales, la Secretar\u00eda de Derechos Humanos de Santa Fe difundi\u00f3 la b\u00fasqueda del chajariense Emiliano Urbani. El joven estudia y vive en la capital de dicha provincia y es buscado intensamente. Seg\u00fan se supo, se perdi\u00f3 contacto el s\u00e1bado, desde aproximadamente las 18:30 horas &nbsp; &nbsp; La Secretar\u00eda de Derechos Humanos de Santa Fe solicita cualquier informaci\u00f3n sobre EMILIANO URBANI, de 19 a\u00f1os de edad, quien habr\u00eda sido visto por \u00faltima vez el d\u00eda 29 de marzo de 2025 en la ciudad de Santa Fe. Tiene&#8230;<\/p>\n","protected":false},"author":3,"featured_media":126578,"comment_status":"closed","ping_status":"closed","sticky":false,"template":"","format":"standard","meta":[],"categories":[15],"tags":[],"_links":{"self":[{"href":"https:\/\/www.actualidadadiario.com\/index.php\/wp-json\/wp\/v2\/posts\/126577"}],"collection":[{"href":"https:\/\/www.actualidadadiario.com\/index.php\/wp-json\/wp\/v2\/posts"}],"about":[{"href":"https:\/\/www.actualidadadiario.com\/index.php\/wp-json\/wp\/v2\/types\/post"}],"author":[{"embeddable":true,"href":"https:\/\/www.actualidadadiario.com\/index.php\/wp-json\/wp\/v2\/users\/3"}],"replies":[{"embeddable":true,"href":"https:\/\/www.actualidadadiario.com\/index.php\/wp-json\/wp\/v2\/comments?post=126577"}],"version-history":[{"count":1,"href":"https:\/\/www.actualidadadiario.com\/index.php\/wp-json\/wp\/v2\/posts\/126577\/revisions"}],"predecessor-version":[{"id":126579,"href":"https:\/\/www.actualidadadiario.com\/index.php\/wp-json\/wp\/v2\/posts\/126577\/revisions\/126579"}],"wp:featuredmedia":[{"embeddable":true,"href":"https:\/\/www.actualidadadiario.com\/index.php\/wp-json\/wp\/v2\/media\/126578"}],"wp:attachment":[{"href":"https:\/\/www.actualidadadiario.com\/index.php\/wp-json\/wp\/v2\/media?parent=126577"}],"wp:term":[{"taxonomy":"category","embeddable":true,"href":"https:\/\/www.actualidadadiario.com\/index.php\/wp-json\/wp\/v2\/categories?post=126577"},{"taxonomy":"post_tag","embeddable":true,"href":"https:\/\/www.actualidadadiario.com\/index.php\/wp-json\/wp\/v2\/tags?post=126577"}],"curies":[{"name":"wp","href":"https:\/\/api.w.org\/{rel}","templated":true}]}}