{"id":126567,"date":"2025-03-31T09:46:56","date_gmt":"2025-03-31T12:46:56","guid":{"rendered":"https:\/\/www.actualidadadiario.com\/?p=126567"},"modified":"2025-03-31T09:46:56","modified_gmt":"2025-03-31T12:46:56","slug":"accidentes-de-transito-en-entre-rios-hubo-31-personas-fallecidas-en-lo-que-va-de-2025","status":"publish","type":"post","link":"https:\/\/www.actualidadadiario.com\/index.php\/2025\/03\/31\/accidentes-de-transito-en-entre-rios-hubo-31-personas-fallecidas-en-lo-que-va-de-2025\/","title":{"rendered":"Accidentes de tr\u00e1nsito en Entre R\u00edos: hubo 31 personas fallecidas en lo que va de 2025"},"content":{"rendered":"<p style=\"text-align: center;\"><em><strong>El reporte registr\u00f3 175 siniestros graves en la provincia en los primeros tres meses de 2025, de los cuales 24 fueron fatales. Adem\u00e1s de las 31 v\u00edctimas mortales, hubo 172 heridos graves y 60 leves<\/strong><\/em><\/p>\n<p>&nbsp;<\/p>\n<p>&nbsp;<\/p>\n<p>Nuestra provincia registr\u00f3 31 v\u00edctimas fatales en accidentes viales durante el primer trimestre de 2025, una cifra que refleja una leve mejora en comparaci\u00f3n con el mismo per\u00edodo del a\u00f1o pasado, y una mejora m\u00e1s significativa respecto al 2023.<\/p>\n<p>M\u00e1s de la mitad de estos siniestros se produjeron en rutas, especialmente en las nacionales 12 y 14, lo que resalta la peligrosidad de estas arterias clave en la provincia. La informaci\u00f3n proviene del Observatorio de Seguridad Vial, dependiente del Ministerio de Seguridad y Justicia de la Provincia.<\/p>\n<p>El informe, que analiza los primeros tres meses de 2025, tambi\u00e9n documenta un total de 175 siniestros graves en Entre R\u00edos, de los cuales 24 fueron fatales. En estos accidentes, 420 personas estuvieron involucradas, de las cuales 31 perdieron la vida. Adem\u00e1s, el reporte da cuenta de 172 heridos graves, 60 leves y 153 personas ilesas. Sin embargo, el documento aclara que las estad\u00edsticas sobre v\u00edctimas fatales podr\u00edan variar, dado que se considera v\u00edctima fatal a la persona fallecida en el lugar del siniestro o hasta 30 d\u00edas posteriores.<\/p>\n<p>&nbsp;<\/p>\n<p><strong>Distribuci\u00f3n geogr\u00e1fica de los accidentes fatales<\/strong><\/p>\n<p>El informe tambi\u00e9n detall\u00f3 la distribuci\u00f3n de las v\u00edctimas fatales por departamento. Paran\u00e1 fue el m\u00e1s afectado, con un total de nueve muertes, seguido por Diamante con cinco, Col\u00f3n con cuatro y Concordia con tres. Federaci\u00f3n, Gualeguay, Gualeguaych\u00fa, Islas, La Paz, Tala, Uruguay y Victoria tuvieron entre una y dos v\u00edctimas fatales. Por otro lado, Villaguay, Nogoy\u00e1, San Salvador, Feliciano y Federal no reportaron v\u00edctimas fatales en accidentes viales hasta el momento.<\/p>\n<p>En cuanto a las rutas, m\u00e1s de la mitad de los siniestros fatales ocurrieron en la red vial de la provincia, siendo las Nacionales 12 y 14 las m\u00e1s peligrosas. Si bien en 2024 la ruta provincial 11 tambi\u00e9n estuvo entre los escenarios m\u00e1s peligrosos, en 2025 su protagonismo disminuy\u00f3, seg\u00fan el informe del Observatorio de Seguridad Vial.<\/p>\n<p>&nbsp;<\/p>\n<p><strong>An\u00e1lisis de las circunstancias y el perfil de las v\u00edctimas<\/strong><\/p>\n<p>El informe del Observatorio de Seguridad Vial ofrece una mirada detallada sobre las circunstancias de los accidentes y el perfil de las v\u00edctimas. Sobre los d\u00edas de la semana, se destaca que uno de cada cuatro accidentes fatales (25%) ocurri\u00f3 un domingo, seguido por el s\u00e1bado y el lunes, con un 12,5% cada uno. Los martes y viernes presentaron un 17% de ocurrencia, mientras que mi\u00e9rcoles y jueves fueron los d\u00edas con menos accidentes fatales, con un 8% cada uno.<\/p>\n<p>Acerca de la hora del d\u00eda, la mayor\u00eda de los accidentes fatales (54%) ocurri\u00f3 de d\u00eda, entre las 7 y las 19 horas, mientras que el 46% restante se produjo durante la noche, lo que marca una diferencia con el 2024, cuando se registraron m\u00e1s accidentes en horas nocturnas.<\/p>\n<p>El informe tambi\u00e9n se\u00f1ala que la gran mayor\u00eda de las v\u00edctimas fatales fueron varones, con una proporci\u00f3n que triplica la de mujeres fallecidas. Al analizar las edades de las v\u00edctimas, m\u00e1s de la mitad ten\u00eda entre 15 y 44 a\u00f1os. Sobre los tipos de accidentes, el 63% fueron colisiones entre veh\u00edculos, el 17% fueron atropellos a peatones, y el 12% involucraron choques contra objetos o lugares. En menor medida se registraron muertes por despistes (4%) y vuelcos (4%).<\/p>\n<p>En relaci\u00f3n con los veh\u00edculos en los que viajaban las v\u00edctimas, el informe revela que cuatro de cada 10 personas viajaban en autom\u00f3vil, mientras que tres de cada 10 lo hac\u00edan en motocicleta. Un 13% de las v\u00edctimas fatales viajaban en camionetas, otro 13% eran peatones y un 3% se trasladaba en bicicleta.<\/p>\n","protected":false},"excerpt":{"rendered":"<p>El reporte registr\u00f3 175 siniestros graves en la provincia en los primeros tres meses de 2025, de los cuales 24 fueron fatales. Adem\u00e1s de las 31 v\u00edctimas mortales, hubo 172 heridos graves y 60 leves &nbsp; &nbsp; Nuestra provincia registr\u00f3 31 v\u00edctimas fatales en accidentes viales durante el primer trimestre de 2025, una cifra que refleja una leve mejora en comparaci\u00f3n con el mismo per\u00edodo del a\u00f1o pasado, y una mejora m\u00e1s significativa respecto al 2023. M\u00e1s de la mitad de estos siniestros se produjeron en rutas, especialmente en las&#8230;<\/p>\n","protected":false},"author":3,"featured_media":112066,"comment_status":"closed","ping_status":"closed","sticky":false,"template":"","format":"standard","meta":[],"categories":[9],"tags":[],"_links":{"self":[{"href":"https:\/\/www.actualidadadiario.com\/index.php\/wp-json\/wp\/v2\/posts\/126567"}],"collection":[{"href":"https:\/\/www.actualidadadiario.com\/index.php\/wp-json\/wp\/v2\/posts"}],"about":[{"href":"https:\/\/www.actualidadadiario.com\/index.php\/wp-json\/wp\/v2\/types\/post"}],"author":[{"embeddable":true,"href":"https:\/\/www.actualidadadiario.com\/index.php\/wp-json\/wp\/v2\/users\/3"}],"replies":[{"embeddable":true,"href":"https:\/\/www.actualidadadiario.com\/index.php\/wp-json\/wp\/v2\/comments?post=126567"}],"version-history":[{"count":1,"href":"https:\/\/www.actualidadadiario.com\/index.php\/wp-json\/wp\/v2\/posts\/126567\/revisions"}],"predecessor-version":[{"id":126568,"href":"https:\/\/www.actualidadadiario.com\/index.php\/wp-json\/wp\/v2\/posts\/126567\/revisions\/126568"}],"wp:featuredmedia":[{"embeddable":true,"href":"https:\/\/www.actualidadadiario.com\/index.php\/wp-json\/wp\/v2\/media\/112066"}],"wp:attachment":[{"href":"https:\/\/www.actualidadadiario.com\/index.php\/wp-json\/wp\/v2\/media?parent=126567"}],"wp:term":[{"taxonomy":"category","embeddable":true,"href":"https:\/\/www.actualidadadiario.com\/index.php\/wp-json\/wp\/v2\/categories?post=126567"},{"taxonomy":"post_tag","embeddable":true,"href":"https:\/\/www.actualidadadiario.com\/index.php\/wp-json\/wp\/v2\/tags?post=126567"}],"curies":[{"name":"wp","href":"https:\/\/api.w.org\/{rel}","templated":true}]}}